{"id":32562,"date":"2023-04-16T09:43:00","date_gmt":"2023-04-16T08:43:00","guid":{"rendered":"https:\/\/fegrama.cat\/web\/?p=32562"},"modified":"2023-04-20T17:51:47","modified_gmt":"2023-04-20T16:51:47","slug":"victoria-de-linclusiu-a-cornella","status":"publish","type":"post","link":"http:\/\/fegrama.cat\/web\/victoria-de-linclusiu-a-cornella\/","title":{"rendered":"Vict\u00f2ria de l&#8217;Inclusiu contra el Cornell\u00e0"},"content":{"rendered":"\n<p>A la matinal del divendres 14 d&#8217;abril, l&#8217;equip inclusiu de la Fundaci\u00f3 Esportiva Grama va obtenir una nova vict\u00f2ria contra el segon classificat (Cornell\u00e0) amb el resultat final de 6-2. Aquest resultat a la finalitzaci\u00f3 dels 20 primers minuts ja era favorable cap als nostres interessos per 3 gols a 1 i es va acabar culminant amb un bon triomf.<\/p>\n\n\n\n<p><em><strong>(Castellano)<\/strong><\/em><\/p>\n\n\n\n<p>En la matinal del viernes 14 de abril, el equipo inclusivo de la Fundaci\u00f3 Esportiva Grama obtuvo una nueva victoria contra el segundo clasificado (Cornell\u00e1) con el resultado final de 6-2. Dicho resultado a la finalizaci\u00f3n de los 20 primeros minutos ya era favorable hacia nuestros intereses por 3 goles a 1 y se acab\u00f3 culminando con un buen triunfo.<\/p>\n","protected":false},"excerpt":{"rendered":"<p>A la matinal del divendres 14 d&#8217;abril, l&#8217;equip inclusiu de la Fundaci\u00f3 Esportiva Grama va obtenir una nova vict\u00f2ria contra el segon classificat (Cornell\u00e0) amb el resultat final de 6-2. Aquest resultat a la finalitzaci\u00f3 dels 20 primers minuts ja era favorable cap als nostres interessos per 3 gols a 1 i es va acabar [&hellip;]<\/p>\n","protected":false},"author":1,"featured_media":32563,"comment_status":"closed","ping_status":"closed","sticky":false,"template":"","format":"standard","meta":{"footnotes":""},"categories":[4,1256],"tags":[],"class_list":["post-32562","post","type-post","status-publish","format-standard","has-post-thumbnail","hentry","category-base-inclusiu","category-inclusiu"],"_links":{"self":[{"href":"http:\/\/fegrama.cat\/web\/wp-json\/wp\/v2\/posts\/32562","targetHints":{"allow":["GET"]}}],"collection":[{"href":"http:\/\/fegrama.cat\/web\/wp-json\/wp\/v2\/posts"}],"about":[{"href":"http:\/\/fegrama.cat\/web\/wp-json\/wp\/v2\/types\/post"}],"author":[{"embeddable":true,"href":"http:\/\/fegrama.cat\/web\/wp-json\/wp\/v2\/users\/1"}],"replies":[{"embeddable":true,"href":"http:\/\/fegrama.cat\/web\/wp-json\/wp\/v2\/comments?post=32562"}],"version-history":[{"count":2,"href":"http:\/\/fegrama.cat\/web\/wp-json\/wp\/v2\/posts\/32562\/revisions"}],"predecessor-version":[{"id":32565,"href":"http:\/\/fegrama.cat\/web\/wp-json\/wp\/v2\/posts\/32562\/revisions\/32565"}],"wp:featuredmedia":[{"embeddable":true,"href":"http:\/\/fegrama.cat\/web\/wp-json\/wp\/v2\/media\/32563"}],"wp:attachment":[{"href":"http:\/\/fegrama.cat\/web\/wp-json\/wp\/v2\/media?parent=32562"}],"wp:term":[{"taxonomy":"category","embeddable":true,"href":"http:\/\/fegrama.cat\/web\/wp-json\/wp\/v2\/categories?post=32562"},{"taxonomy":"post_tag","embeddable":true,"href":"http:\/\/fegrama.cat\/web\/wp-json\/wp\/v2\/tags?post=32562"}],"curies":[{"name":"wp","href":"https:\/\/api.w.org\/{rel}","templated":true}]}}