{"id":3250,"date":"2014-04-07T08:52:49","date_gmt":"2014-04-07T06:52:49","guid":{"rendered":"http:\/\/fegrama.cat\/web\/?p=3250"},"modified":"2014-04-07T08:52:49","modified_gmt":"2014-04-07T06:52:49","slug":"el-juvenil-b-de-la-fegrama-goleja-a-la-escola-collblanc-torrassa","status":"publish","type":"post","link":"http:\/\/fegrama.cat\/web\/el-juvenil-b-de-la-fegrama-goleja-a-la-escola-collblanc-torrassa\/","title":{"rendered":"El Juvenil B de la FEGrama goleja a la Escola Collblanc-Torrassa"},"content":{"rendered":"<p style=\"text-align: justify;\"><span style=\"color: #000000;\">El Juvenil B de la FEGrama protagonitza la golejada de la jornada 23 contra la Escola Collblanc-Torrassa per 8 a 0.<\/span><\/p>\n<p style=\"text-align: justify;\"><span style=\"color: #000000;\">Els jugadors dirigits per Javi Murillo i Francisco Arcas sumen aix\u00ed la seva setzena vict\u00f2ria, el tercer triomf de les \u00faltimes cinc jornades malgrat els dos empats que fan que el conjunt de la Fundaci\u00f3 Grama estigui a nom\u00e8s sis punts del l\u00edder, el Tur\u00f3 de la Peira, que ha guanyat 3-2.<\/span><\/p>\n<p style=\"text-align: justify;\"><span style=\"color: #000000;\">A la jornada 24 el conjunt de la Fundaci\u00f3 Grama rebr\u00e0 al Nou Municipal de Santa Coloma als Salesians Bosco-Horta, dotz\u00e8 classificat amb 11 punts, el diumenge 13 d&#8217;abril des de les 16:00 hores.<\/span><\/p>\n<p style=\"text-align: justify;\"><span style=\"color: #000000;\">[divider]<\/span><\/p>\n<p style=\"text-align: justify;\"><span style=\"color: #000000;\">[button color=\u00bbblue\u00bb size=\u00bbsmall\u00bb link=\u00bbhttp:\/\/www.fcf.cat\/pnfg\/NFG_CmpJornada?cod_primaria=1000120&amp;CodCompeticion=18473289&amp;CodGrupo=18563099&amp;CodTemporada=9&amp;CodJornada=10&#8243; target=\u00bbblank\u00bb ]Resultats[\/button]<\/span><\/p>\n<p style=\"text-align: justify;\"><span style=\"color: #000000;\">[button color=\u00bbblue\u00bb size=\u00bbsmall\u00bb link=\u00bbhttp:\/\/www.fcf.cat\/pnfg\/NPcd\/NFG_VisClasificacion?cod_primaria=1000120&amp;codgrupo=18563099&amp;codcompeticion=18473289&#8243; target=\u00bbblank\u00bb ]Classificaci\u00f3[\/button]<\/span><\/p>\n<p style=\"text-align: justify;\"><span style=\"color: #000000;\">El Juvenil B de la FEGrama protagonitza la golejada de la jornada 23 contra l&#8217;Escola Collblanc-Torrassa per 8 a 0.<\/span><\/p>\n<p style=\"text-align: justify;\"><span style=\"color: #000000;\">Els jugadors dirigits per Javi Murillo i Francisco Arques sumin AIX\u00cd la Seva setzena Vict\u00f2ria, el tercer triomf de les \u00daltimes zinc jornades Malgrat a els 2 empats que fan que el conjunto de la Fundaci\u00f3 Grama estigui a nom\u00e8s sistema punts del l\u00edder, el Tur\u00f3 de la Peira , que ha guanyat 3-2.<\/span><\/p>\n<p style=\"text-align: justify;\"><span style=\"color: #000000;\">A la jornada 24 el conjunto de la Fundaci\u00f3 Grama REBRA al Nou Municipal de Santa Coloma ALS Salesians Bosco-Horta, Dotze Classificat AMB 11 punts, el diumenge 13 d&#8217;abril des de les 16:00 hores.<\/span><\/p>\n<p style=\"text-align: justify;\"><span style=\"color: #000000;\"><strong>Visca l&#8217;Esperit Grama!!!<\/strong><\/span><\/p>\n","protected":false},"excerpt":{"rendered":"<p>El Juvenil B de la FEGrama protagonitza la golejada de la jornada 23 contra la Escola Collblanc-Torrassa per 8 a 0. Els jugadors dirigits per Javi Murillo i Francisco Arcas sumen aix\u00ed la seva setzena vict\u00f2ria, el tercer triomf de les \u00faltimes cinc jornades malgrat els dos empats que fan que el conjunt de la [&hellip;]<\/p>\n","protected":false},"author":1,"featured_media":0,"comment_status":"closed","ping_status":"closed","sticky":false,"template":"","format":"standard","meta":{"footnotes":""},"categories":[4,6],"tags":[],"class_list":["post-3250","post","type-post","status-publish","format-standard","hentry","category-base-inclusiu","category-juvenils"],"_links":{"self":[{"href":"http:\/\/fegrama.cat\/web\/wp-json\/wp\/v2\/posts\/3250","targetHints":{"allow":["GET"]}}],"collection":[{"href":"http:\/\/fegrama.cat\/web\/wp-json\/wp\/v2\/posts"}],"about":[{"href":"http:\/\/fegrama.cat\/web\/wp-json\/wp\/v2\/types\/post"}],"author":[{"embeddable":true,"href":"http:\/\/fegrama.cat\/web\/wp-json\/wp\/v2\/users\/1"}],"replies":[{"embeddable":true,"href":"http:\/\/fegrama.cat\/web\/wp-json\/wp\/v2\/comments?post=3250"}],"version-history":[{"count":1,"href":"http:\/\/fegrama.cat\/web\/wp-json\/wp\/v2\/posts\/3250\/revisions"}],"predecessor-version":[{"id":3252,"href":"http:\/\/fegrama.cat\/web\/wp-json\/wp\/v2\/posts\/3250\/revisions\/3252"}],"wp:attachment":[{"href":"http:\/\/fegrama.cat\/web\/wp-json\/wp\/v2\/media?parent=3250"}],"wp:term":[{"taxonomy":"category","embeddable":true,"href":"http:\/\/fegrama.cat\/web\/wp-json\/wp\/v2\/categories?post=3250"},{"taxonomy":"post_tag","embeddable":true,"href":"http:\/\/fegrama.cat\/web\/wp-json\/wp\/v2\/tags?post=3250"}],"curies":[{"name":"wp","href":"https:\/\/api.w.org\/{rel}","templated":true}]}}