{"id":3247,"date":"2014-04-07T08:48:14","date_gmt":"2014-04-07T06:48:14","guid":{"rendered":"http:\/\/fegrama.cat\/web\/?p=3247"},"modified":"2014-04-07T08:48:14","modified_gmt":"2014-04-07T06:48:14","slug":"el-juvenil-a-de-la-fegrama-cau-a-lestadi-municipal-de-lhospitalet-de-llobregat-per-3-1","status":"publish","type":"post","link":"http:\/\/fegrama.cat\/web\/el-juvenil-a-de-la-fegrama-cau-a-lestadi-municipal-de-lhospitalet-de-llobregat-per-3-1\/","title":{"rendered":"El Juvenil A de la FEGrama cau a l&#8217;Estadi Municipal de L&#8217;Hospitalet de Llobregat per 3-1"},"content":{"rendered":"<p style=\"text-align: justify;\"><span style=\"color: #000000;\">El Juvenil Preferent de la FEGrama ha caigut derrotat a casa de L&#8217;Hospitalet per 3-1.<\/span><\/p>\n<p style=\"text-align: justify;\"><span style=\"color: #000000;\">El gol de l&#8217;empat a 1-1 de Godbless a la mitja hora de partit no va ser suficient per a l&#8217;empenta dels de casa que van remuntar a l\u00faltim quart d&#8217;hora deixant el marcador definitiu de 3-1.<\/span><\/p>\n<p style=\"text-align: justify;\"><span style=\"color: #000000;\">Els jugadors entrenats per Toni Rovira i Ismael Poveda baixen una pla\u00e7a fins a la onzena posici\u00f3 amb 31 punts per la vict\u00f2ria del Sant Gabriel davant un tercer classificat com el Masnou, 3-0.<\/span><\/p>\n<p style=\"text-align: justify;\"><span style=\"color: #000000;\">A la jornada 25, el conjunt de la Fundaci\u00f3 Grama rebr\u00e0 al Badalona, \u00faltim classificat amb 20 punts, el dissabte 12 d&#8217;abril des de les 18:00 hores.<\/span><\/p>\n<p style=\"text-align: justify;\"><span style=\"color: #000000;\">[divider]<\/span><\/p>\n<p style=\"text-align: justify;\"><span style=\"color: #000000;\">[button color=\u00bbblue\u00bb size=\u00bbsmall\u00bb link=\u00bbhttp:\/\/www.fcf.cat\/pnfg\/NFG_CmpJornada?cod_primaria=1000120&amp;CodCompeticion=18473287&amp;CodGrupo=18491079&amp;CodTemporada=9&amp;CodJornada=12&#8243; target=\u00bbblank\u00bb ]Resultats[\/button]<\/span><\/p>\n<p style=\"text-align: justify;\"><span style=\"color: #000000;\">[button color=\u00bbblue\u00bb size=\u00bbsmall\u00bb link=\u00bbhttp:\/\/www.fcf.cat\/pnfg\/NPcd\/NFG_VisClasificacion?cod_primaria=1000120&amp;codgrupo=18491079&amp;codcompeticion=18473287&#8243; target=\u00bbblank\u00bb ]Classificaci\u00f3[\/button]<\/span><\/p>\n<p style=\"text-align: justify;\"><span style=\"color: #000000;\">El Juvenil Preferent del FEGrama ha Caigut derrotat a casa de l&#8217;Hospitalet per 3-1.<\/span><\/p>\n<p style=\"text-align: justify;\"><span style=\"color: #000000;\">El gol de l&#8217;Empat a 1-1 de Godbless a la mitja hora de partit no va ser suficient per a l&#8217;empenta dels de casa que van remuntar a l\u00faltim quart d&#8217;hora deixant el marcador definitiu de 3-1.<\/span><\/p>\n<p style=\"text-align: justify;\"><span style=\"color: #000000;\">Els jugadors entrenats per Toni Rovira i Ismael Poveda baixen 1 pla\u00e7a Fins a la onzena Posici\u00f3 AMB 31 punts per la vict\u00f2ria del Sant Gabriel Davant una tercera Classificat com l&#8217;Masnou, 3-0.<\/span><\/p>\n<p style=\"text-align: justify;\"><span style=\"color: #000000;\">A la jornada 25, el conjunto de la Fundaci\u00f3 Grama REBRA a Badalona, \u00faltim Classificat AMB 20 punts, el dissabte 12 d&#8217;abril des de les 18:00 hores.<\/span><\/p>\n<p style=\"text-align: justify;\"><span style=\"color: #000000;\"><strong>Visca l&#8217;Esperit Grama!!!<\/strong><\/span><\/p>\n","protected":false},"excerpt":{"rendered":"<p>El Juvenil Preferent de la FEGrama ha caigut derrotat a casa de L&#8217;Hospitalet per 3-1. El gol de l&#8217;empat a 1-1 de Godbless a la mitja hora de partit no va ser suficient per a l&#8217;empenta dels de casa que van remuntar a l\u00faltim quart d&#8217;hora deixant el marcador definitiu de 3-1. Els jugadors entrenats [&hellip;]<\/p>\n","protected":false},"author":1,"featured_media":0,"comment_status":"closed","ping_status":"closed","sticky":false,"template":"","format":"standard","meta":{"footnotes":""},"categories":[4,6],"tags":[],"class_list":["post-3247","post","type-post","status-publish","format-standard","hentry","category-base-inclusiu","category-juvenils"],"_links":{"self":[{"href":"http:\/\/fegrama.cat\/web\/wp-json\/wp\/v2\/posts\/3247","targetHints":{"allow":["GET"]}}],"collection":[{"href":"http:\/\/fegrama.cat\/web\/wp-json\/wp\/v2\/posts"}],"about":[{"href":"http:\/\/fegrama.cat\/web\/wp-json\/wp\/v2\/types\/post"}],"author":[{"embeddable":true,"href":"http:\/\/fegrama.cat\/web\/wp-json\/wp\/v2\/users\/1"}],"replies":[{"embeddable":true,"href":"http:\/\/fegrama.cat\/web\/wp-json\/wp\/v2\/comments?post=3247"}],"version-history":[{"count":1,"href":"http:\/\/fegrama.cat\/web\/wp-json\/wp\/v2\/posts\/3247\/revisions"}],"predecessor-version":[{"id":3249,"href":"http:\/\/fegrama.cat\/web\/wp-json\/wp\/v2\/posts\/3247\/revisions\/3249"}],"wp:attachment":[{"href":"http:\/\/fegrama.cat\/web\/wp-json\/wp\/v2\/media?parent=3247"}],"wp:term":[{"taxonomy":"category","embeddable":true,"href":"http:\/\/fegrama.cat\/web\/wp-json\/wp\/v2\/categories?post=3247"},{"taxonomy":"post_tag","embeddable":true,"href":"http:\/\/fegrama.cat\/web\/wp-json\/wp\/v2\/tags?post=3247"}],"curies":[{"name":"wp","href":"https:\/\/api.w.org\/{rel}","templated":true}]}}