{"id":3241,"date":"2014-04-07T08:34:23","date_gmt":"2014-04-07T06:34:23","guid":{"rendered":"http:\/\/fegrama.cat\/web\/?p=3241"},"modified":"2014-04-07T08:34:23","modified_gmt":"2014-04-07T06:34:23","slug":"el-lider-prebenjami-a-fegrama-goleja-a-la-florida","status":"publish","type":"post","link":"http:\/\/fegrama.cat\/web\/el-lider-prebenjami-a-fegrama-goleja-a-la-florida\/","title":{"rendered":"El l\u00edder Prebenjam\u00ed A FEGrama goleja a La Florida"},"content":{"rendered":"<p style=\"text-align: justify;\"><span style=\"color: #000000;\">El Prebenjam\u00ed A FEGrama seguir\u00e0 una setmana m\u00e9s a la part m\u00e9s alta de la taula d&#8217;aquest grup 19 despr\u00e8s de la vict\u00f2ria davant La Florida per un ajustat 5 a 4.<\/span><\/p>\n<p style=\"text-align: justify;\"><span style=\"color: #000000;\">Aquest partit de la jornada 23 es va decidir a l&#8217;\u00faltim per\u00edod encara que els de Santa Coloma s&#8217;avant\u00e7aven des de el primer gol d&#8217;Eric Garc\u00eda. El 2-1 el marcaria Carlos Alc\u00e1ntara per\u00f2 l&#8217;empat a dos arribaria de nou. Biel Ortega faria el 3-2 per a la Fundaci\u00f3 Grama i de nou empataria i remuntaria el partit els visitants de La Florida.<\/span><\/p>\n<p style=\"text-align: justify;\"><span style=\"color: #000000;\">Per\u00f2 H\u00e9ctor Linde va treure lo millor amb dos gols de marca de la casa: el primer empatava el partit 4-4 i el seu segon gol particular donaria els tres punts a la Fundaci\u00f3 Grama en un partit molt igualat.<\/span><\/p>\n<p style=\"text-align: justify;\"><span style=\"color: #000000;\">Els joves jugadors dirigits per Jonathan Serrat, entrenador del Prebenjam\u00ed A FEGrama, van aconseguir aix\u00ed la vict\u00f2ria vint de vint-i-un partits, encap\u00e7alant el grup 19 amb dos punts sobre l&#8217;immediat perseguidor, l&#8217;Hospitalense.<\/span><\/p>\n<p style=\"text-align: justify;\"><span style=\"color: #000000;\">A la jornada 24, el conjunt de la FEG anir\u00e0 al Municipal del Carmelo, \u00faltim classificat amb zero punts, al Nou Municipal de Santa Coloma, el dissabte 12 d&#8217;abril des de les 10:00 hores.<\/span><\/p>\n<p style=\"text-align: justify;\"><span style=\"color: #000000;\">[divider]<\/span><\/p>\n<p style=\"text-align: justify;\"><span style=\"color: #000000;\">[button color=\u00bbblue\u00bb size=\u00bbsmall\u00bb link=\u00bbhttp:\/\/www.fcf.cat\/pnfg\/NPcd\/NFG_VisClasificacion?cod_primaria=1000120&amp;codgrupo=18700796&amp;codcompeticion=18473321&#8243; target=\u00bbblank\u00bb ]Resultats[\/button]<\/span><\/p>\n<p style=\"text-align: justify;\"><span style=\"color: #000000;\">[button color=\u00bbblue\u00bb size=\u00bbsmall\u00bb link=\u00bbhttp:\/\/www.fcf.cat\/pnfg\/NFG_CmpJornada?cod_primaria=1000120&amp;CodCompeticion=18473321&amp;CodGrupo=18700796&amp;CodTemporada=9&amp;CodJornada=10&#8243; target=\u00bbblank\u00bb ]Classificaci\u00f3[\/button]<\/span><\/p>\n<p style=\"text-align: justify;\"><span style=\"color: #000000;\">El Prebenjam\u00ed A FEGrama seguir\u00e0 una semana mes a la part M\u00e9s alta de la taula de este grup 19 Despr\u00e9s de la Vict\u00f2ria Davant La Florida per un ajustat 5 a 4 .<\/span><\/p>\n<p style=\"text-align: justify;\"><span style=\"color: #000000;\">Aquest partit de la jornada 23 \u00e9s va decidir a l&#8217; \u00faltim Per\u00edode encara que a els de Santa Coloma s&#8217;avant\u00e7aven des del primer gol d&#8217; Eric Garc\u00eda . El 2-1 el marcaria Carlos Alc\u00e1ntara Per\u00f2 l&#8217; Empat a dos arribaria de nou . Biel Ortega f\u00e0ria el 3-2 per a la Fundaci\u00f3 Grama i de nou empataria i remuntaria el partit Els visitants de la Florida .<\/span><\/p>\n<p style=\"text-align: justify;\"><span style=\"color: #000000;\">Per\u00f2 H\u00e9ctor Linde va treure el Millor amb 2 gols de marca de la casa : el primer empatava el partit 4-4 i el SEU Segon gol particular donaria a els 3 punts a la Fundaci\u00f3 Grama en un partit Molt igualat .<\/span><\/p>\n<p style=\"text-align: justify;\"><span style=\"color: #000000;\">Els joves jugadors dirigits per Jonathan Serrat , entrenador del Prebenjam\u00ed A FEGrama , van aconseguir AIX\u00cd la Vict\u00f2ria Vint de vint- i- 1 Partits , encap\u00e7alant el grup 19 AMB 2 punts sobre l&#8217; IMMEDIAT perseguidor , l&#8217; Hospitalenc .<\/span><\/p>\n<p style=\"text-align: justify;\"><span style=\"color: #000000;\">A la jornada 24, el conjunto de la FEG Anira al Municipal del Carmel , \u00faltim Classificat AMB zero punts , al Nou Municipal de Santa Coloma , el dissabte 12 d&#8217; abril des de les 10:00 hores .<\/span><\/p>\n<p style=\"text-align: justify;\"><span style=\"color: #000000;\"><strong>Visca l&#8217;Esperit Grama!!!<\/strong><\/span><\/p>\n","protected":false},"excerpt":{"rendered":"<p>El Prebenjam\u00ed A FEGrama seguir\u00e0 una setmana m\u00e9s a la part m\u00e9s alta de la taula d&#8217;aquest grup 19 despr\u00e8s de la vict\u00f2ria davant La Florida per un ajustat 5 a 4. Aquest partit de la jornada 23 es va decidir a l&#8217;\u00faltim per\u00edod encara que els de Santa Coloma s&#8217;avant\u00e7aven des de el primer [&hellip;]<\/p>\n","protected":false},"author":1,"featured_media":0,"comment_status":"closed","ping_status":"closed","sticky":false,"template":"","format":"standard","meta":{"footnotes":""},"categories":[4,12],"tags":[],"class_list":["post-3241","post","type-post","status-publish","format-standard","hentry","category-base-inclusiu","category-prebenjamins"],"_links":{"self":[{"href":"http:\/\/fegrama.cat\/web\/wp-json\/wp\/v2\/posts\/3241","targetHints":{"allow":["GET"]}}],"collection":[{"href":"http:\/\/fegrama.cat\/web\/wp-json\/wp\/v2\/posts"}],"about":[{"href":"http:\/\/fegrama.cat\/web\/wp-json\/wp\/v2\/types\/post"}],"author":[{"embeddable":true,"href":"http:\/\/fegrama.cat\/web\/wp-json\/wp\/v2\/users\/1"}],"replies":[{"embeddable":true,"href":"http:\/\/fegrama.cat\/web\/wp-json\/wp\/v2\/comments?post=3241"}],"version-history":[{"count":2,"href":"http:\/\/fegrama.cat\/web\/wp-json\/wp\/v2\/posts\/3241\/revisions"}],"predecessor-version":[{"id":3386,"href":"http:\/\/fegrama.cat\/web\/wp-json\/wp\/v2\/posts\/3241\/revisions\/3386"}],"wp:attachment":[{"href":"http:\/\/fegrama.cat\/web\/wp-json\/wp\/v2\/media?parent=3241"}],"wp:term":[{"taxonomy":"category","embeddable":true,"href":"http:\/\/fegrama.cat\/web\/wp-json\/wp\/v2\/categories?post=3241"},{"taxonomy":"post_tag","embeddable":true,"href":"http:\/\/fegrama.cat\/web\/wp-json\/wp\/v2\/tags?post=3241"}],"curies":[{"name":"wp","href":"https:\/\/api.w.org\/{rel}","templated":true}]}}