{"id":3238,"date":"2014-04-07T08:20:42","date_gmt":"2014-04-07T06:20:42","guid":{"rendered":"http:\/\/fegrama.cat\/web\/?p=3238"},"modified":"2014-04-11T10:38:13","modified_gmt":"2014-04-11T08:38:13","slug":"linfantil-b-fegrama-segueix-tercer-i-apretant-al-lider-despres-de-la-golejada-al-municipal-de-bufala","status":"publish","type":"post","link":"http:\/\/fegrama.cat\/web\/linfantil-b-fegrama-segueix-tercer-i-apretant-al-lider-despres-de-la-golejada-al-municipal-de-bufala\/","title":{"rendered":"L&#8217;Infantil B FEGrama segueix tercer i apretant al l\u00edder despr\u00e8s de la golejada al Municipal de Bufal\u00e0"},"content":{"rendered":"<p style=\"text-align: justify;\"><span style=\"color: #000000;\">L&#8217;Infantil B FEGrama ha protagonitzat la golejada de la jornada 23 al camp del Bufal\u00e0 per 0-10.<\/span><\/p>\n<p style=\"text-align: justify;\"><span style=\"color: #000000;\">Els gols arribaren molt aviat amb el de Carlos Gonzalo que obriria la llauna per a continuaci\u00f3 el segon de Ra\u00fal Castillo abans del quart d&#8217;hora.<\/span><\/p>\n<p style=\"text-align: justify;\"><span style=\"color: #000000;\">Daniel Boya tamb\u00e9 s&#8217;apuntava a la festa de gols juntament amb Sergio Palomo que feia el 0-4. Kilian Rodr\u00edguez feia la maneta, Tariq Hasnaat el 0-6, i a continuaci\u00f3 dos gols seguits de Ra\u00fal Castillo, el seu triplet particular. Richar Sa\u00fal faria el 0-9 i el marcador definitiu \u00c1lex Castillo, 0-10.<\/span><\/p>\n<p style=\"text-align: justify;\"><span style=\"color: #000000;\">El conjunt dirigit per Rafa Avil\u00e9s i Ram\u00f3n Dom\u00ednguez, tot i amb una jornada menys, estan empatats a punts amb el Collblanc-Sants i a nom\u00e8s a tres punts del l\u00edder, l&#8217;Escola P\u00eda Sarri\u00e0, a qui vam guanyar per 5-0 el 23 de febrer passat al Nou Municipal de Santa Coloma.<\/span><\/p>\n<p style=\"text-align: justify;\"><span style=\"color: #000000;\">L&#8217;entrenador FEGrama, Rafa Avil\u00e9s, ens resumeix en una frase el partit: \u00abHa sigut un partit c\u00f2mode contra un rival limitat\u00bb. \u00a0<\/span><\/p>\n<p style=\"text-align: justify;\"><span style=\"color: #000000;\">Aquest partit de la jornada 24, els jugadors de la Fundaci\u00f3 Grama tenen els tres punts per la retirada de la competici\u00f3 de l&#8217;\u00c1guila.<\/span><\/p>\n<p style=\"text-align: justify;\"><span style=\"color: #000000;\">[divider]<\/span><\/p>\n<p style=\"text-align: justify;\"><span style=\"color: #000000;\">[button color=\u00bbblue\u00bb size=\u00bbsmall\u00bb link=\u00bbhttp:\/\/www.fcf.cat\/pnfg\/NFG_CmpJornada?cod_primaria=1000120&amp;CodCompeticion=18473303&amp;CodGrupo=18577695&amp;CodTemporada=9&amp;CodJornada=10&#8243; target=\u00bbblank\u00bb ]Resultats[\/button]<\/span><\/p>\n<p style=\"text-align: justify;\"><span style=\"color: #000000;\">[button color=\u00bbblue\u00bb size=\u00bbsmall\u00bb link=\u00bbhttp:\/\/www.fcf.cat\/pnfg\/NPcd\/NFG_VisClasificacion?cod_primaria=1000120&amp;codgrupo=18577695&amp;codcompeticion=18473303&#8243; target=\u00bbblank\u00bb ]Classificaci\u00f3[\/button]<\/span><\/p>\n<p style=\"text-align: justify;\"><span style=\"color: #000000;\">L&#8217;Infantil B FEGrama ha protagonitzatla golejada de la jornada 23 al camp del Bufal\u00e0 per 0-10.<\/span><\/p>\n<p style=\"text-align: justify;\"><span style=\"color: #000000;\">Els gols arribaren Molt AVIAT AMB el de Carlos Gonzalo que obriria la llauna per a Continuaci\u00f3 l&#8217;Segon de Ra\u00fal Castell Abans del quart d&#8217;hora.<\/span><\/p>\n<p style=\"text-align: justify;\"><span style=\"color: #000000;\">Daniel Boya tambi\u00e9n s&#8217;apuntava a la festa de gols juntament AMB Sergio Palomo que FEIA el 0-4. Kilian Rodr\u00edguez FEIA la maneta, Tariq Hasnaat el 0-6, ia Continuaci\u00f3 2 gols seguits de Ra\u00fal Castillo, el SEU triplet particular. Richar Sa\u00fcl f\u00e0ria el 0-9 i el marcador definitiu \u00c0lex Castillo, 0-10.<\/span><\/p>\n<p style=\"text-align: justify;\"><span style=\"color: #000000;\">El conjunto dirigit per Rafa Avil\u00e9s i Ramon Dom\u00ednguez, Tot i AMB una jornada Menys, estan empatats a punts AMB el Collblanc-Sants ia nom\u00e8s a tres punts del l\u00edder, l&#8217;Escola Pia Sarri\u00e0, a qui vam guanyar per 5-0 el 23 de febrer pasado al Nou Municipal de Santa Coloma.<\/span><\/p>\n<p style=\"text-align: justify;\"><span style=\"color: #000000;\">L&#8217;entrenador FEGrama, Rafa Avil\u00e9s, ENS resumeix en una frase el partit: \u00abHa sigut 1 partit comode contra un rival limitat\u00bb.<\/span><\/p>\n<p style=\"text-align: justify;\"><span style=\"color: #000000;\">Aquest partit de la jornada 24, a els jugadors de la Fundaci\u00f3 Grama tinen\u00e7a a els 3 punts per la retirada de la competici\u00f3 de l&#8217;\u00c0guila.<\/span><\/p>\n<p style=\"text-align: justify;\"><span style=\"color: #000000;\"><strong>Visca l&#8217;Esperit Grama!!!<\/strong><\/span><\/p>\n","protected":false},"excerpt":{"rendered":"<p>L&#8217;Infantil B FEGrama ha protagonitzat la golejada de la jornada 23 al camp del Bufal\u00e0 per 0-10. Els gols arribaren molt aviat amb el de Carlos Gonzalo que obriria la llauna per a continuaci\u00f3 el segon de Ra\u00fal Castillo abans del quart d&#8217;hora. Daniel Boya tamb\u00e9 s&#8217;apuntava a la festa de gols juntament amb Sergio [&hellip;]<\/p>\n","protected":false},"author":1,"featured_media":0,"comment_status":"closed","ping_status":"closed","sticky":false,"template":"","format":"standard","meta":{"footnotes":""},"categories":[4,9],"tags":[],"class_list":["post-3238","post","type-post","status-publish","format-standard","hentry","category-base-inclusiu","category-infantils"],"_links":{"self":[{"href":"http:\/\/fegrama.cat\/web\/wp-json\/wp\/v2\/posts\/3238","targetHints":{"allow":["GET"]}}],"collection":[{"href":"http:\/\/fegrama.cat\/web\/wp-json\/wp\/v2\/posts"}],"about":[{"href":"http:\/\/fegrama.cat\/web\/wp-json\/wp\/v2\/types\/post"}],"author":[{"embeddable":true,"href":"http:\/\/fegrama.cat\/web\/wp-json\/wp\/v2\/users\/1"}],"replies":[{"embeddable":true,"href":"http:\/\/fegrama.cat\/web\/wp-json\/wp\/v2\/comments?post=3238"}],"version-history":[{"count":2,"href":"http:\/\/fegrama.cat\/web\/wp-json\/wp\/v2\/posts\/3238\/revisions"}],"predecessor-version":[{"id":3402,"href":"http:\/\/fegrama.cat\/web\/wp-json\/wp\/v2\/posts\/3238\/revisions\/3402"}],"wp:attachment":[{"href":"http:\/\/fegrama.cat\/web\/wp-json\/wp\/v2\/media?parent=3238"}],"wp:term":[{"taxonomy":"category","embeddable":true,"href":"http:\/\/fegrama.cat\/web\/wp-json\/wp\/v2\/categories?post=3238"},{"taxonomy":"post_tag","embeddable":true,"href":"http:\/\/fegrama.cat\/web\/wp-json\/wp\/v2\/tags?post=3238"}],"curies":[{"name":"wp","href":"https:\/\/api.w.org\/{rel}","templated":true}]}}