{"id":3235,"date":"2014-04-07T08:05:56","date_gmt":"2014-04-07T06:05:56","guid":{"rendered":"http:\/\/fegrama.cat\/web\/?p=3235"},"modified":"2014-04-07T08:05:56","modified_gmt":"2014-04-07T06:05:56","slug":"el-lider-benjami-b-de-la-fegrama-goleja-al-vila-olimpica","status":"publish","type":"post","link":"http:\/\/fegrama.cat\/web\/el-lider-benjami-b-de-la-fegrama-goleja-al-vila-olimpica\/","title":{"rendered":"El l\u00edder Benjam\u00ed B de la FEGrama goleja al Vila Ol\u00edmpica"},"content":{"rendered":"<p style=\"text-align: justify;\"><span style=\"color: #000000;\">Els jugadors del Benjam\u00ed B FEGrama han realitzat la golejada de la jornada 23 a casa del Vila Ol\u00edmpica per 2-12.<\/span><\/p>\n<p style=\"text-align: justify;\"><span style=\"color: #000000;\">Els jugadors del conjunt de la Fundaci\u00f3 Grama dirigits per Luis Heredia agafen amb for\u00e7a el liderat del grup 5 amb 61 punts i perseguits de molt a prop per el Trajana a dos punts.<\/span><\/p>\n<p style=\"text-align: justify;\"><span style=\"color: #000000;\">Encara que amb la golejada final el partit no va ser gens f\u00e0cil. El parcial de 0-3 per als de Santa Coloma es va retallar pels locals a 2-3 per\u00f2 a partir d&#8217;aqu\u00ed van apretar els de la FEGrama fins tornar a marcar la difer\u00e8ncia final de 2-12.<\/span><\/p>\n<p style=\"text-align: justify;\"><span style=\"color: #000000;\">El conjunt de la Fundaci\u00f3 Grama voldr\u00e0 seguir sumant per continuar liderant a la jornada 24 d&#8217;aquest grup 5 i rebr\u00e0 a la Trinidad al Nou Municipal de Santa Coloma, tretz\u00e8 amb 13 punts, el diumenge 13 d&#8217;abril a les 14:15 hores.<\/span><\/p>\n<p style=\"text-align: justify;\"><span style=\"color: #000000;\">\u00a0<\/span><\/p>\n<p style=\"text-align: justify;\"><span style=\"color: #000000;\">[divider]<\/span><\/p>\n<p style=\"text-align: justify;\"><span style=\"color: #000000;\">[button color=\u00bbblue\u00bb size=\u00bbsmall\u00bb link=\u00bbhttp:\/\/www.fcf.cat\/pnfg\/NFG_CmpJornada?cod_primaria=1000120&amp;CodCompeticion=18473318&amp;CodGrupo=18680779&amp;CodTemporada=9&amp;CodJornada=10&#8243; target=\u00bbblank\u00bb ]Resultats[\/button]<\/span><\/p>\n<p style=\"text-align: justify;\"><span style=\"color: #000000;\">[button color=\u00bbblue\u00bb size=\u00bbsmall\u00bb link=\u00bbhttp:\/\/www.fcf.cat\/pnfg\/NPcd\/NFG_VisClasificacion?cod_primaria=1000120&amp;codgrupo=18680779&amp;codcompeticion=18473318&#8243; target=\u00bbblank\u00bb ]Classificaci\u00f3[\/button]<\/span><\/p>\n<p style=\"text-align: justify;\"><span style=\"color: #000000;\">Els jugadors del Benjam\u00ed B FEGrama han realitzat la golejada de la jornada 23 a casa del Vila Ol\u00edmpica per 2-12.<\/span><\/p>\n<p style=\"text-align: justify;\"><span style=\"color: #000000;\">Els jugadors del conjunto de la Fundaci\u00f3 Grama dirigits per Luis Heredia agafen AMB For\u00e7a el liderat del grup 5 AMB 61 punts i perseguits de Molt a prop per l&#8217;Trajana a dos punts.<\/span><\/p>\n<p style=\"text-align: justify;\"><span style=\"color: #000000;\">Encara que Amb la golejada final el partit no va ser gens f\u00e0cil. El parcial de 0-3 per ALS de Santa Coloma \u00e9s va retallar Pels locals a 2-3 per\u00f2 a partir d&#8217;aqu\u00ed van pr\u00e9mer a els de la FEGrama Fins tornar a marcar la difer\u00e8ncia final de 2-12.<\/span><\/p>\n<p style=\"text-align: justify;\"><span style=\"color: #000000;\">El conjunto de la Fundaci\u00f3 Grama voldr\u00e0 seguir Sumant per continuar liderant a la jornada 24 de este grup 5 i REBRA a la Trinitat al Nou Municipal de Santa Coloma, Tretze AMB 13 punts, el diumenge 13 d&#8217;abril a les 14:15 hores .<\/span><\/p>\n<p style=\"text-align: justify;\"><span style=\"color: #000000;\"><strong>Visca l&#8217;Esperit Grama!!!<\/strong><\/span><\/p>\n","protected":false},"excerpt":{"rendered":"<p>Els jugadors del Benjam\u00ed B FEGrama han realitzat la golejada de la jornada 23 a casa del Vila Ol\u00edmpica per 2-12. Els jugadors del conjunt de la Fundaci\u00f3 Grama dirigits per Luis Heredia agafen amb for\u00e7a el liderat del grup 5 amb 61 punts i perseguits de molt a prop per el Trajana a dos [&hellip;]<\/p>\n","protected":false},"author":1,"featured_media":0,"comment_status":"closed","ping_status":"closed","sticky":false,"template":"","format":"standard","meta":{"footnotes":""},"categories":[4,11],"tags":[],"class_list":["post-3235","post","type-post","status-publish","format-standard","hentry","category-base-inclusiu","category-benjamins"],"_links":{"self":[{"href":"http:\/\/fegrama.cat\/web\/wp-json\/wp\/v2\/posts\/3235","targetHints":{"allow":["GET"]}}],"collection":[{"href":"http:\/\/fegrama.cat\/web\/wp-json\/wp\/v2\/posts"}],"about":[{"href":"http:\/\/fegrama.cat\/web\/wp-json\/wp\/v2\/types\/post"}],"author":[{"embeddable":true,"href":"http:\/\/fegrama.cat\/web\/wp-json\/wp\/v2\/users\/1"}],"replies":[{"embeddable":true,"href":"http:\/\/fegrama.cat\/web\/wp-json\/wp\/v2\/comments?post=3235"}],"version-history":[{"count":1,"href":"http:\/\/fegrama.cat\/web\/wp-json\/wp\/v2\/posts\/3235\/revisions"}],"predecessor-version":[{"id":3237,"href":"http:\/\/fegrama.cat\/web\/wp-json\/wp\/v2\/posts\/3235\/revisions\/3237"}],"wp:attachment":[{"href":"http:\/\/fegrama.cat\/web\/wp-json\/wp\/v2\/media?parent=3235"}],"wp:term":[{"taxonomy":"category","embeddable":true,"href":"http:\/\/fegrama.cat\/web\/wp-json\/wp\/v2\/categories?post=3235"},{"taxonomy":"post_tag","embeddable":true,"href":"http:\/\/fegrama.cat\/web\/wp-json\/wp\/v2\/tags?post=3235"}],"curies":[{"name":"wp","href":"https:\/\/api.w.org\/{rel}","templated":true}]}}