{"id":3232,"date":"2014-04-07T08:28:19","date_gmt":"2014-04-07T06:28:19","guid":{"rendered":"http:\/\/fegrama.cat\/web\/?p=3232"},"modified":"2014-04-07T10:34:13","modified_gmt":"2014-04-07T08:34:13","slug":"el-senior-femeni-de-la-fegrama-cau-al-camp-del-liverpool-per-3-a-1","status":"publish","type":"post","link":"http:\/\/fegrama.cat\/web\/el-senior-femeni-de-la-fegrama-cau-al-camp-del-liverpool-per-3-a-1\/","title":{"rendered":"El S\u00e8nior Femen\u00ed de la FEGrama cau al camp del Liverpool per 3 a 1"},"content":{"rendered":"<p style=\"text-align: justify;\"><span style=\"color: #000000;\">El S\u00e8nior Femen\u00ed de la FEGrama ha caigut a la seva visita al Municipal Cam\u00ed del Mig de Matar\u00f3 enfront el Liverpool per 3 a 1.<\/span><\/p>\n<p style=\"text-align: justify;\"><span style=\"color: #000000;\">Despr\u00e8s d&#8217;un parcial de 3-0 el gol de N\u00faria Navarro va ser a l&#8217;\u00faltim quart del partit i no va tenir m\u00e9s consecu\u00e8ncies que pujar el 3-1.<\/span><\/p>\n<p style=\"text-align: justify;\"><span style=\"color: #000000;\">Aquesta derrota no fa baixar de la novena posici\u00f3 al conjunt\u00a0dirigit per Rub\u00e9n Hern\u00e1ndez\u00a0i que valguin encara els 18 punts per acostarse a la meitat de la taula d&#8217;aquest grup 5.<\/span><\/p>\n<p style=\"text-align: justify;\"><span style=\"color: #000000;\">A la jornada 24, les jugadores de la FEG rebran al Nou Municipal al Xaica, onz\u00e8 classificat amb 14 punts, el pr\u00f2xim dissabte 12 d&#8217;abril des de les 15:30 hores.<\/span><\/p>\n<p style=\"text-align: justify;\"><span style=\"color: #000000;\">[divider]<\/span><\/p>\n<p style=\"text-align: justify;\"><span style=\"color: #000000;\">[button color=\u00bbblue\u00bb size=\u00bbsmall\u00bb link=\u00bbhttp:\/\/www.fcf.cat\/pnfg\/NFG_CmpJornada?cod_primaria=1000120&amp;CodCompeticion=18473330&amp;CodGrupo=18697376&amp;CodTemporada=9&amp;CodJornada=10&#8243; target=\u00bbblank\u00bb ]Resultats[\/button]<\/span><\/p>\n<p style=\"text-align: justify;\"><span style=\"color: #000000;\">[button color=\u00bbblue\u00bb size=\u00bbsmall\u00bb link=\u00bbhttp:\/\/www.fcf.cat\/pnfg\/NPcd\/NFG_VisClasificacion?cod_primaria=1000120&amp;codgrupo=18697376&amp;codcompeticion=18473330&#8243; target=\u00bbblank\u00bb ]Classificaci\u00f3[\/button]<\/span><\/p>\n<p style=\"text-align: justify;\"><span style=\"color: #000000;\">El Senior Femenino de la FEGRAM dirigido por Rub\u00e9n Hern\u00e1ndez ha ca\u00eddo en su visita al Municipal Camino del Medio de Matar\u00f3 frente al Liverpool por 3 a 1.<\/span><\/p>\n<p style=\"text-align: justify;\"><span style=\"color: #000000;\">Despu\u00e9s de un parcial de 3-0 el gol de Nuria Navarro fue el \u00faltimo cuarto del partido y no tuvo m\u00e1s consecu\u00e8ncies que subir el 3-1.<\/span><\/p>\n<p style=\"text-align: justify;\"><span style=\"color: #000000;\">Esta derrota no hace bajar la novena posici\u00f3n y que valgan a\u00fan los 18 puntos para acercarse a la mitad de la tabla de este grupo 5.<\/span><\/p>\n<p style=\"text-align: justify;\"><span style=\"color: #000000;\">En la jornada 24, las jugadoras de la FEG recibir\u00e1n en el Nou Municipal al Xaica, und\u00e9cimo clasificado con 14 puntos, el pr\u00f3ximo s\u00e1bado 12 de abril desde las 15:30 horas.<\/span><\/p>\n<p style=\"text-align: justify;\"><span style=\"color: #000000;\"><strong>Visca l&#8217;Esperit Grama!!!<\/strong><\/span><\/p>\n","protected":false},"excerpt":{"rendered":"<p>El S\u00e8nior Femen\u00ed de la FEGrama ha caigut a la seva visita al Municipal Cam\u00ed del Mig de Matar\u00f3 enfront el Liverpool per 3 a 1. Despr\u00e8s d&#8217;un parcial de 3-0 el gol de N\u00faria Navarro va ser a l&#8217;\u00faltim quart del partit i no va tenir m\u00e9s consecu\u00e8ncies que pujar el 3-1. Aquesta derrota [&hellip;]<\/p>\n","protected":false},"author":1,"featured_media":0,"comment_status":"closed","ping_status":"closed","sticky":false,"template":"","format":"standard","meta":{"footnotes":""},"categories":[4,13],"tags":[],"class_list":["post-3232","post","type-post","status-publish","format-standard","hentry","category-base-inclusiu","category-femeni"],"_links":{"self":[{"href":"http:\/\/fegrama.cat\/web\/wp-json\/wp\/v2\/posts\/3232","targetHints":{"allow":["GET"]}}],"collection":[{"href":"http:\/\/fegrama.cat\/web\/wp-json\/wp\/v2\/posts"}],"about":[{"href":"http:\/\/fegrama.cat\/web\/wp-json\/wp\/v2\/types\/post"}],"author":[{"embeddable":true,"href":"http:\/\/fegrama.cat\/web\/wp-json\/wp\/v2\/users\/1"}],"replies":[{"embeddable":true,"href":"http:\/\/fegrama.cat\/web\/wp-json\/wp\/v2\/comments?post=3232"}],"version-history":[{"count":2,"href":"http:\/\/fegrama.cat\/web\/wp-json\/wp\/v2\/posts\/3232\/revisions"}],"predecessor-version":[{"id":3267,"href":"http:\/\/fegrama.cat\/web\/wp-json\/wp\/v2\/posts\/3232\/revisions\/3267"}],"wp:attachment":[{"href":"http:\/\/fegrama.cat\/web\/wp-json\/wp\/v2\/media?parent=3232"}],"wp:term":[{"taxonomy":"category","embeddable":true,"href":"http:\/\/fegrama.cat\/web\/wp-json\/wp\/v2\/categories?post=3232"},{"taxonomy":"post_tag","embeddable":true,"href":"http:\/\/fegrama.cat\/web\/wp-json\/wp\/v2\/tags?post=3232"}],"curies":[{"name":"wp","href":"https:\/\/api.w.org\/{rel}","templated":true}]}}