{"id":3229,"date":"2014-04-07T08:11:05","date_gmt":"2014-04-07T06:11:05","guid":{"rendered":"http:\/\/fegrama.cat\/web\/?p=3229"},"modified":"2014-04-06T23:27:02","modified_gmt":"2014-04-06T21:27:02","slug":"el-lider-benjami-a-de-la-fegrama-goleja-a-la-montanesa","status":"publish","type":"post","link":"http:\/\/fegrama.cat\/web\/el-lider-benjami-a-de-la-fegrama-goleja-a-la-montanesa\/","title":{"rendered":"El l\u00edder Benjam\u00ed A de la FEGrama goleja a la Monta\u00f1esa"},"content":{"rendered":"<p style=\"text-align: justify;\"><span style=\"color: #000000;\">El l\u00edder del grup 4 el Benjam\u00ed A de la FEGrama goleja a la Monta\u00f1esa per 8-1.<\/span><\/p>\n<p style=\"text-align: justify;\"><span style=\"color: #000000;\">Kilian Lara va obrir aviat la llauna de gols per el triplet consecutiu d&#8217;Ian Benhamon que deixava un marcador de 4-0. Daniel Amaya i altre gol d&#8217;Ian serien el 6 a 1. Antonio Amaya i el segon de Kilian sentenciava el partit per al conjunt de Santa Coloma.<\/span><\/p>\n<p style=\"text-align: justify;\"><span style=\"color: #000000;\">Els entrenats per Eloy Vilaplana s\u00f3n l\u00edders i van sumant 22 vict\u00f2ries i cap derrota en 22 jornades i amb els 67 punts s\u00f3n 7 de difer\u00e8ncia enfront l&#8217;immediat perseguidor, el Sant Mart\u00ed-Condal que tamb\u00e9 ha golejat a casa de la Trinidad, 1-9.<\/span><\/p>\n<p style=\"text-align: justify;\"><span style=\"color: #000000;\">A la jornada 24, el conjunt de la Fundaci\u00f3 Grama anir\u00e0 al Municipal Andrade de Sant Mart\u00ed-Condal, segon classificat amb 60 punts, el dissabte 12 d&#8217;abril a les 12:45 hores.<\/span><\/p>\n<p style=\"text-align: justify;\"><span style=\"color: #000000;\">[divider]<\/span><\/p>\n<p style=\"text-align: justify;\"><span style=\"color: #000000;\">[button color=\u00bbblue\u00bb size=\u00bbsmall\u00bb link=\u00bbhttp:\/\/www.fcf.cat\/pnfg\/NFG_CmpJornada?cod_primaria=1000120&amp;CodCompeticion=18473318&amp;CodGrupo=18680738&amp;CodTemporada=9&amp;CodJornada=10&#8243; target=\u00bbblank\u00bb ]Resultats[\/button]<\/span><\/p>\n<p style=\"text-align: justify;\"><span style=\"color: #000000;\">[button color=\u00bbblue\u00bb size=\u00bbsmall\u00bb link=\u00bbhttp:\/\/www.fcf.cat\/pnfg\/NPcd\/NFG_VisClasificacion?cod_primaria=1000120&amp;codgrupo=18680738&amp;codcompeticion=18473318&#8243; ]Classificaci\u00f3[\/button]<\/span><\/p>\n<p style=\"text-align: justify;\"><span style=\"color: #000000;\">El l\u00edder del grupo 4 el Benjam\u00edn A de la FEGRAM golea a la Monta\u00f1esa por 8-1.<\/span><\/p>\n<p style=\"text-align: justify;\"><span style=\"color: #000000;\">Kilian Lara abri\u00f3 pronto la lata de goles para el triplete consecutivo de Ian Benhamon que dejaba un marcador de 4-0. Daniel Amaya y otro gol de Ian ser\u00edan el 6 a 1. Antonio Amaya y el segundo de Kilian sentenciaba el partido para el conjunto de Santa Coloma.<\/span><\/p>\n<p style=\"text-align: justify;\"><span style=\"color: #000000;\">Los entrenados por Eloy Vilaplana son l\u00edderes y sumando 22 victorias y ninguna derrota en 22 jornadas y con los 67 puntos son 7 de diferencia frente al inmediato perseguidor, el iris-Condal que tambi\u00e9n ha goleado en casa de la Trinidad, 1 &#8211; 9.<\/span><\/p>\n<p style=\"text-align: justify;\"><span style=\"color: #000000;\">En la jornada 24, el conjunto de la Fundaci\u00f3n Grama ir\u00e1 al Municipal Andrade iris-Condal, segundo clasificado con 60 puntos, el s\u00e1bado 12 de abril a las 12:45 horas.<\/span><\/p>\n<p style=\"text-align: justify;\"><span style=\"color: #000000;\"><strong>Visca l&#8217;Esperit Grama!!!<\/strong><\/span><\/p>\n","protected":false},"excerpt":{"rendered":"<p>El l\u00edder del grup 4 el Benjam\u00ed A de la FEGrama goleja a la Monta\u00f1esa per 8-1. Kilian Lara va obrir aviat la llauna de gols per el triplet consecutiu d&#8217;Ian Benhamon que deixava un marcador de 4-0. Daniel Amaya i altre gol d&#8217;Ian serien el 6 a 1. Antonio Amaya i el segon de [&hellip;]<\/p>\n","protected":false},"author":1,"featured_media":0,"comment_status":"closed","ping_status":"closed","sticky":false,"template":"","format":"standard","meta":{"footnotes":""},"categories":[4,11],"tags":[],"class_list":["post-3229","post","type-post","status-publish","format-standard","hentry","category-base-inclusiu","category-benjamins"],"_links":{"self":[{"href":"http:\/\/fegrama.cat\/web\/wp-json\/wp\/v2\/posts\/3229","targetHints":{"allow":["GET"]}}],"collection":[{"href":"http:\/\/fegrama.cat\/web\/wp-json\/wp\/v2\/posts"}],"about":[{"href":"http:\/\/fegrama.cat\/web\/wp-json\/wp\/v2\/types\/post"}],"author":[{"embeddable":true,"href":"http:\/\/fegrama.cat\/web\/wp-json\/wp\/v2\/users\/1"}],"replies":[{"embeddable":true,"href":"http:\/\/fegrama.cat\/web\/wp-json\/wp\/v2\/comments?post=3229"}],"version-history":[{"count":1,"href":"http:\/\/fegrama.cat\/web\/wp-json\/wp\/v2\/posts\/3229\/revisions"}],"predecessor-version":[{"id":3231,"href":"http:\/\/fegrama.cat\/web\/wp-json\/wp\/v2\/posts\/3229\/revisions\/3231"}],"wp:attachment":[{"href":"http:\/\/fegrama.cat\/web\/wp-json\/wp\/v2\/media?parent=3229"}],"wp:term":[{"taxonomy":"category","embeddable":true,"href":"http:\/\/fegrama.cat\/web\/wp-json\/wp\/v2\/categories?post=3229"},{"taxonomy":"post_tag","embeddable":true,"href":"http:\/\/fegrama.cat\/web\/wp-json\/wp\/v2\/tags?post=3229"}],"curies":[{"name":"wp","href":"https:\/\/api.w.org\/{rel}","templated":true}]}}