{"id":3207,"date":"2014-04-07T08:53:12","date_gmt":"2014-04-07T06:53:12","guid":{"rendered":"http:\/\/fegrama.cat\/web\/?p=3207"},"modified":"2014-04-10T20:31:29","modified_gmt":"2014-04-10T18:31:29","slug":"linfantil-preferent-de-la-fegrama-venc-a-la-damm-per-2-1","status":"publish","type":"post","link":"http:\/\/fegrama.cat\/web\/linfantil-preferent-de-la-fegrama-venc-a-la-damm-per-2-1\/","title":{"rendered":"L&#8217;Infantil Preferent de la FEGrama ven\u00e7 a la Damm per 2-1"},"content":{"rendered":"<p>L&#8217;Infantil Preferent de la FEGrama aconsegueix una important vict\u00f2ria davant la Damm per 2 a 1.<\/p>\n<p>Els jugadors de la Fundaci\u00f3 Grama dirigits per Rub\u00e9n Blanco no lo van tenir gens f\u00e0cil doncs van haver de remuntar un gol en contra a la mitja hora de partit al Nou Municipal de Santa Coloma.<\/p>\n<p>Per\u00f2 la empenta dels locals va fer que Daniel Chavarr\u00eda empat\u00e8s passat el minut 40 de partit de la primera part. Amb aquesta igualada s&#8217;anaven tots dos contrincants al descans. A la reanudaci\u00f3 i despr\u00e8s d&#8217;un partit molt igualat, Israel Puerto transformaria un penal a vint minuts del final que donaria els tres punts.<\/p>\n<p>Amb aquest triomf s\u00f3n tres consecutius les del Infantil A FEGrama despr\u00e8s de la d&#8217;enfront L&#8217;Hospitalet per 2-4 a la jornada passada i davant el J\u00e0bac Terrassa per 2-0.<\/p>\n<p>Aquests tres punts fan que l&#8217;equip de Santa Coloma sumi 27 punts i es consolidi a la novena posici\u00f3 i retalli als seus dos immediats a la classificaci\u00f3: a un punt de la J\u00e0bac i Terrassa, que ha empatat a casa enfront el Sabadell 2-2, la mateixa m\u00ednima dist\u00e0ncia a la Unificaci\u00f3n Llefi\u00e0 que ha caigut a casa del Mercantil per la m\u00ednima.<\/p>\n<p>A la jornada 24 d&#8217;aquest grup 4 de Preferent Infantil, amb 27 punts l&#8217;equip de la FEG anir\u00e0 al Municipal Santa Eul\u00e0lia de L&#8217;Hospitalet, catorz\u00e8 classificat amb 20 punts, el diumenge 13 d&#8217;abril a les 10:00 hores.<\/p>\n<p>[divider]<\/p>\n<p>[button color=\u00bbblue\u00bb size=\u00bbsmall\u00bb link=\u00bbhttp:\/\/www.fcf.cat\/pnfg\/NFG_CmpJornada?cod_primaria=1000120&amp;CodCompeticion=18473300&amp;CodGrupo=18492148&amp;CodTemporada=9&amp;CodJornada=10&#8243; target=\u00bbblank\u00bb ]Resultats[\/button]<\/p>\n<p>[button color=\u00bbblue\u00bb size=\u00bbsmall\u00bb link=\u00bbhttp:\/\/www.fcf.cat\/pnfg\/NPcd\/NFG_VisClasificacion?cod_primaria=1000120&amp;codgrupo=18492148&amp;codcompeticion=18473300&#8243; target=\u00bbblank\u00bb ]Classificaci\u00f3[\/button]<\/p>\n<p>El Infantil Preferente de la FEGRAM consiguen una importante victoria ante la Damm por 2 a 1.<\/p>\n<p>Los jugadores de la Fundaci\u00f3n Grama dirigidos por Rub\u00e9n Blanco no lo tuvieron nada f\u00e1cil pues tuvieron que remontar un gol en contra a la media hora de partido en el Nou Municipal de Santa Coloma .<\/p>\n<p>Pero la empuje de los locales hizo que Daniel Chavarr\u00eda empates pasado el minuto 40 de partido de la primera parte . Con esta igualada iban ambos contrincantes al descanso. En la reanudaci\u00f3n y despu\u00e9s de un partido muy igualado , Israel Puerto transformar\u00eda un penalti a veinte minutos del final que dar\u00eda los tres puntos .<\/p>\n<p>Con este triunfo son tres consecutivos las del Infantil A FEGrama despu\u00e9s de la de enfrente Hospitalet por 2-4 en la jornada pasada y ante el J\u00e0bac Terrassa por 2-0 .<\/p>\n<p>Estos tres puntos hacen que el equipo de Santa Coloma sume 27 puntos y se consolide en la novena posici\u00f3n y recorte a sus dos inmediatos en la clasificaci\u00f3n: a un punto de la J\u00e0bac y Terrassa , que empat\u00f3 en casa frente al Sabadell 2 &#8211; 2 , la misma m\u00ednima distancia a la Unificaci\u00f3n Llefi\u00e0 que ha ca\u00eddo en casa del Mercantil por la m\u00ednima .<\/p>\n<p>En la jornada 24 de este grupo 4 de Preferente Infantil , con 27 puntos el equipo de la FEG ir\u00e1 al Municipal Santa Eulalia de L&#8217;Hospitalet , decimocuarto clasificado con 20 puntos , el domingo 13 de abril a las 10:00 horas .<\/p>\n<p><strong>Visca l&#8217;Esperit Grama!!!<\/strong><\/p>\n","protected":false},"excerpt":{"rendered":"<p>L&#8217;Infantil Preferent de la FEGrama aconsegueix una important vict\u00f2ria davant la Damm per 2 a 1. Els jugadors de la Fundaci\u00f3 Grama dirigits per Rub\u00e9n Blanco no lo van tenir gens f\u00e0cil doncs van haver de remuntar un gol en contra a la mitja hora de partit al Nou Municipal de Santa Coloma. Per\u00f2 la [&hellip;]<\/p>\n","protected":false},"author":1,"featured_media":0,"comment_status":"closed","ping_status":"closed","sticky":false,"template":"","format":"standard","meta":{"footnotes":""},"categories":[4,9],"tags":[],"class_list":["post-3207","post","type-post","status-publish","format-standard","hentry","category-base-inclusiu","category-infantils"],"_links":{"self":[{"href":"http:\/\/fegrama.cat\/web\/wp-json\/wp\/v2\/posts\/3207","targetHints":{"allow":["GET"]}}],"collection":[{"href":"http:\/\/fegrama.cat\/web\/wp-json\/wp\/v2\/posts"}],"about":[{"href":"http:\/\/fegrama.cat\/web\/wp-json\/wp\/v2\/types\/post"}],"author":[{"embeddable":true,"href":"http:\/\/fegrama.cat\/web\/wp-json\/wp\/v2\/users\/1"}],"replies":[{"embeddable":true,"href":"http:\/\/fegrama.cat\/web\/wp-json\/wp\/v2\/comments?post=3207"}],"version-history":[{"count":2,"href":"http:\/\/fegrama.cat\/web\/wp-json\/wp\/v2\/posts\/3207\/revisions"}],"predecessor-version":[{"id":3367,"href":"http:\/\/fegrama.cat\/web\/wp-json\/wp\/v2\/posts\/3207\/revisions\/3367"}],"wp:attachment":[{"href":"http:\/\/fegrama.cat\/web\/wp-json\/wp\/v2\/media?parent=3207"}],"wp:term":[{"taxonomy":"category","embeddable":true,"href":"http:\/\/fegrama.cat\/web\/wp-json\/wp\/v2\/categories?post=3207"},{"taxonomy":"post_tag","embeddable":true,"href":"http:\/\/fegrama.cat\/web\/wp-json\/wp\/v2\/tags?post=3207"}],"curies":[{"name":"wp","href":"https:\/\/api.w.org\/{rel}","templated":true}]}}