{"id":3202,"date":"2014-04-04T08:30:24","date_gmt":"2014-04-04T06:30:24","guid":{"rendered":"http:\/\/fegrama.cat\/web\/?p=3202"},"modified":"2014-04-03T20:32:37","modified_gmt":"2014-04-03T18:32:37","slug":"el-juvenil-a-de-la-fegrama-viatjara-a-lestadi-municipal-de-lhospitalet-de-llobregat-vuite","status":"publish","type":"post","link":"http:\/\/fegrama.cat\/web\/el-juvenil-a-de-la-fegrama-viatjara-a-lestadi-municipal-de-lhospitalet-de-llobregat-vuite\/","title":{"rendered":"El Juvenil A de la FEGrama viatjar\u00e0 a l&#8217;Estadi Municipal de L&#8217;Hospitalet de Llobregat, vuit\u00e8"},"content":{"rendered":"<p style=\"text-align: justify;\"><span style=\"color: #000000;\">El Juvenil Preferent de la FEGrama voldr\u00e0 seguir sumant despr\u00e8s de l&#8217;empat davant el Sants per 2-2 al Nou Municipal de Santa Coloma de la setmana passada.<\/span><\/p>\n<p style=\"text-align: justify;\"><span style=\"color: #000000;\">Els jugadors entrenats per Toni Rovira i Ismael Poveda\u00a0es situa a la desena posici\u00f3 amb 31 punts.<\/span><\/p>\n<p style=\"text-align: justify;\"><span style=\"color: #000000;\">A la jornada 25, el conjunt de la Fundaci\u00f3 Grama viatjar\u00e0 a l&#8217;Estadi Municipal de L&#8217;Hospitalet de Llobregat, vuit\u00e8 classificat amb 36 punts, el diumenge 6 d&#8217;abril des de les 11:30 hores.<\/span><\/p>\n<p style=\"text-align: justify;\"><span style=\"color: #000000;\">[divider]<\/span><\/p>\n<p style=\"text-align: justify;\"><span style=\"color: #000000;\">[button color=\u00bbblue\u00bb size=\u00bbsmall\u00bb link=\u00bbhttp:\/\/www.fcf.cat\/pnfg\/NFG_CmpJornada?cod_primaria=1000120&amp;CodCompeticion=18473287&amp;CodGrupo=18491079&amp;CodTemporada=9&amp;CodJornada=12&#8243; target=\u00bbblank\u00bb ]Resultats[\/button]<\/span><\/p>\n<p style=\"text-align: justify;\"><span style=\"color: #000000;\">[button color=\u00bbblue\u00bb size=\u00bbsmall\u00bb link=\u00bbhttp:\/\/www.fcf.cat\/pnfg\/NPcd\/NFG_VisClasificacion?cod_primaria=1000120&amp;codgrupo=18491079&amp;codcompeticion=18473287&#8243; target=\u00bbblank\u00bb ]Classificaci\u00f3[\/button]<\/span><\/p>\n<p style=\"text-align: justify;\"><span style=\"color: #000000;\">El Juvenil Preferente de la FEGrama querr\u00e1 seguir sumando tras el empate ante el Santos por 2-2 en el Nou Municipal de Santa Coloma de la semana pasada.<\/span><\/p>\n<p style=\"text-align: justify;\"><span style=\"color: #000000;\">Los jugadores entrenados por Toni Rovira y Ismael Poveda se sit\u00faa en la d\u00e9cima posici\u00f3n con 31 puntos.<\/span><\/p>\n<p style=\"text-align: justify;\"><span style=\"color: #000000;\">En la jornada 25, el conjunto de la Fundaci\u00f3n Grama viajar\u00e1 al Estadio Municipal de L&#8217;Hospitalet, octavo clasificado con 36 puntos, el domingo 6 de abril desde las 11:30 horas.<\/span><\/p>\n<p style=\"text-align: justify;\"><span style=\"color: #000000;\"><strong>Visca l&#8217;Esperit Grama!!!<\/strong><\/span><\/p>\n","protected":false},"excerpt":{"rendered":"<p>El Juvenil Preferent de la FEGrama voldr\u00e0 seguir sumant despr\u00e8s de l&#8217;empat davant el Sants per 2-2 al Nou Municipal de Santa Coloma de la setmana passada. Els jugadors entrenats per Toni Rovira i Ismael Poveda\u00a0es situa a la desena posici\u00f3 amb 31 punts. A la jornada 25, el conjunt de la Fundaci\u00f3 Grama viatjar\u00e0 [&hellip;]<\/p>\n","protected":false},"author":1,"featured_media":0,"comment_status":"closed","ping_status":"closed","sticky":false,"template":"","format":"standard","meta":{"footnotes":""},"categories":[4,6],"tags":[],"class_list":["post-3202","post","type-post","status-publish","format-standard","hentry","category-base-inclusiu","category-juvenils"],"_links":{"self":[{"href":"http:\/\/fegrama.cat\/web\/wp-json\/wp\/v2\/posts\/3202","targetHints":{"allow":["GET"]}}],"collection":[{"href":"http:\/\/fegrama.cat\/web\/wp-json\/wp\/v2\/posts"}],"about":[{"href":"http:\/\/fegrama.cat\/web\/wp-json\/wp\/v2\/types\/post"}],"author":[{"embeddable":true,"href":"http:\/\/fegrama.cat\/web\/wp-json\/wp\/v2\/users\/1"}],"replies":[{"embeddable":true,"href":"http:\/\/fegrama.cat\/web\/wp-json\/wp\/v2\/comments?post=3202"}],"version-history":[{"count":1,"href":"http:\/\/fegrama.cat\/web\/wp-json\/wp\/v2\/posts\/3202\/revisions"}],"predecessor-version":[{"id":3205,"href":"http:\/\/fegrama.cat\/web\/wp-json\/wp\/v2\/posts\/3202\/revisions\/3205"}],"wp:attachment":[{"href":"http:\/\/fegrama.cat\/web\/wp-json\/wp\/v2\/media?parent=3202"}],"wp:term":[{"taxonomy":"category","embeddable":true,"href":"http:\/\/fegrama.cat\/web\/wp-json\/wp\/v2\/categories?post=3202"},{"taxonomy":"post_tag","embeddable":true,"href":"http:\/\/fegrama.cat\/web\/wp-json\/wp\/v2\/tags?post=3202"}],"curies":[{"name":"wp","href":"https:\/\/api.w.org\/{rel}","templated":true}]}}