{"id":3197,"date":"2014-04-04T08:25:42","date_gmt":"2014-04-04T06:25:42","guid":{"rendered":"http:\/\/fegrama.cat\/web\/?p=3197"},"modified":"2014-04-03T20:30:18","modified_gmt":"2014-04-03T18:30:18","slug":"el-juvenil-b-de-la-fegrama-rebra-al-nou-municipal-de-santa-coloma-a-la-escola-collblanc-torrassa-dotze","status":"publish","type":"post","link":"http:\/\/fegrama.cat\/web\/el-juvenil-b-de-la-fegrama-rebra-al-nou-municipal-de-santa-coloma-a-la-escola-collblanc-torrassa-dotze\/","title":{"rendered":"El Juvenil B de la FEGrama rebr\u00e0 al Nou Municipal de Santa Coloma a la Escola Collblanc-Torrassa, dotz\u00e8"},"content":{"rendered":"<p style=\"text-align: justify;\"><span style=\"color: #000000;\">El Juvenil B de la FEGrama despr\u00e8s de l&#8217;empat sense gols a la seva visita al camp de la Guineueta (0-0) a la jornada passada voldran seguir sumant al pr\u00f2xim cap de setmana.<\/span><\/p>\n<p style=\"text-align: justify;\"><span style=\"color: #000000;\">Els jugadors dirigits per Javi Murillo i Francisco Arcas sumen aix\u00ed el segon empat consecutiu despr\u00e8s de sumar un empat contra el Martinenc a la jornada passada.<\/span><\/p>\n<p style=\"text-align: justify;\"><span style=\"color: #000000;\">Amb aquest resultat el conjunt de la Fundaci\u00f3 Grama est\u00e0 ara a sis punts del l\u00edder, el Tur\u00f3 de la Peira, que no ha fallat a la seva visita a Bufal\u00e0 (1-4).<\/span><\/p>\n<p style=\"text-align: justify;\"><span style=\"color: #000000;\">A la jornada 23 el conjunt de la Fundaci\u00f3 Grama rebr\u00e0 al Nou Municipal de Santa Coloma a la Escola Collblanc-Torrassa, dotz\u00e8 classificat amb 11 punts, el dissabte 5 d&#8217;abril des de les 18:30 hores.<\/span><\/p>\n<p style=\"text-align: justify;\"><span style=\"color: #000000;\">[divider]<\/span><\/p>\n<p style=\"text-align: justify;\"><span style=\"color: #000000;\">[button color=\u00bbblue\u00bb size=\u00bbsmall\u00bb link=\u00bbhttp:\/\/www.fcf.cat\/pnfg\/NFG_CmpJornada?cod_primaria=1000120&amp;CodCompeticion=18473289&amp;CodGrupo=18563099&amp;CodTemporada=9&amp;CodJornada=10&#8243; target=\u00bbblank\u00bb ]Resultats[\/button]<\/span><\/p>\n<p style=\"text-align: justify;\"><span style=\"color: #000000;\">[button color=\u00bbblue\u00bb size=\u00bbsmall\u00bb link=\u00bbhttp:\/\/www.fcf.cat\/pnfg\/NPcd\/NFG_VisClasificacion?cod_primaria=1000120&amp;codgrupo=18563099&amp;codcompeticion=18473289&#8243; target=\u00bbblank\u00bb ]Classificaci\u00f3[\/button]<\/span><\/p>\n<p style=\"text-align: justify;\"><span style=\"color: #000000;\">El Juvenil B de la FEGrama despu\u00e9s del empate sin goles en su visita al campo de la Guineueta (0-0) en la jornada pasada querr\u00e1n seguir sumando el pr\u00f3ximo fin de semana.<\/span><\/p>\n<p style=\"text-align: justify;\"><span style=\"color: #000000;\">Los jugadores dirigidos por Javi Murillo y Francisco Arcas suman as\u00ed el segundo empate consecutivo despu\u00e9s de sumar un empate contra el Martinenc en la jornada pasada.<\/span><\/p>\n<p style=\"text-align: justify;\"><span style=\"color: #000000;\">Con este resultado el conjunto de la Fundaci\u00f3n Grama est\u00e1 ahora a seis puntos del l\u00edder, el Tur\u00f3 de la Peira, que no ha fallado a su visita a Bufal\u00e0 (1-4).<\/span><\/p>\n<p style=\"text-align: justify;\"><span style=\"color: #000000;\">En la jornada 23 el conjunto de la Fundaci\u00f3n Grama recibir\u00e1 en el Nou Municipal de Santa Coloma en la Escuela Collblanc-Torrassa, duod\u00e9cimo clasificado con 11 puntos, el s\u00e1bado 5 de abril desde las 18:30 horas.<\/span><\/p>\n<p style=\"text-align: justify;\"><span style=\"color: #000000;\"><strong>Visca l&#8217;Esperit Grama!!!<\/strong><\/span><\/p>\n","protected":false},"excerpt":{"rendered":"<p>El Juvenil B de la FEGrama despr\u00e8s de l&#8217;empat sense gols a la seva visita al camp de la Guineueta (0-0) a la jornada passada voldran seguir sumant al pr\u00f2xim cap de setmana. Els jugadors dirigits per Javi Murillo i Francisco Arcas sumen aix\u00ed el segon empat consecutiu despr\u00e8s de sumar un empat contra el [&hellip;]<\/p>\n","protected":false},"author":1,"featured_media":0,"comment_status":"closed","ping_status":"closed","sticky":false,"template":"","format":"standard","meta":{"footnotes":""},"categories":[4,6],"tags":[],"class_list":["post-3197","post","type-post","status-publish","format-standard","hentry","category-base-inclusiu","category-juvenils"],"_links":{"self":[{"href":"http:\/\/fegrama.cat\/web\/wp-json\/wp\/v2\/posts\/3197","targetHints":{"allow":["GET"]}}],"collection":[{"href":"http:\/\/fegrama.cat\/web\/wp-json\/wp\/v2\/posts"}],"about":[{"href":"http:\/\/fegrama.cat\/web\/wp-json\/wp\/v2\/types\/post"}],"author":[{"embeddable":true,"href":"http:\/\/fegrama.cat\/web\/wp-json\/wp\/v2\/users\/1"}],"replies":[{"embeddable":true,"href":"http:\/\/fegrama.cat\/web\/wp-json\/wp\/v2\/comments?post=3197"}],"version-history":[{"count":1,"href":"http:\/\/fegrama.cat\/web\/wp-json\/wp\/v2\/posts\/3197\/revisions"}],"predecessor-version":[{"id":3201,"href":"http:\/\/fegrama.cat\/web\/wp-json\/wp\/v2\/posts\/3197\/revisions\/3201"}],"wp:attachment":[{"href":"http:\/\/fegrama.cat\/web\/wp-json\/wp\/v2\/media?parent=3197"}],"wp:term":[{"taxonomy":"category","embeddable":true,"href":"http:\/\/fegrama.cat\/web\/wp-json\/wp\/v2\/categories?post=3197"},{"taxonomy":"post_tag","embeddable":true,"href":"http:\/\/fegrama.cat\/web\/wp-json\/wp\/v2\/tags?post=3197"}],"curies":[{"name":"wp","href":"https:\/\/api.w.org\/{rel}","templated":true}]}}