{"id":3189,"date":"2014-04-04T08:15:11","date_gmt":"2014-04-04T06:15:11","guid":{"rendered":"http:\/\/fegrama.cat\/web\/?p=3189"},"modified":"2014-04-03T20:18:42","modified_gmt":"2014-04-03T18:18:42","slug":"linfantil-c-de-la-fegrama-jugara-diumenge-al-nou-municipal-contra-la-escola-brafa-dese","status":"publish","type":"post","link":"http:\/\/fegrama.cat\/web\/linfantil-c-de-la-fegrama-jugara-diumenge-al-nou-municipal-contra-la-escola-brafa-dese\/","title":{"rendered":"L&#8217;Infantil C de la FEGrama jugar\u00e0 diumenge al Nou Municipal contra la Escola Brafa, des\u00e8"},"content":{"rendered":"<p style=\"text-align: justify;\"><span style=\"color: #000000;\">L&#8217;Infantil C FEGrama voldr\u00e0 repetir la vict\u00f2ria al camp de la Gornal per 3-2 com \u00a0el de\u00a0la setmana passada.<\/span><\/p>\n<p style=\"text-align: justify;\"><span style=\"color: #000000;\">Malgrat els locals estar onz\u00e8 a la classificaci\u00f3, els dirigits Rafa Muriel i Sergio Sierra, de moment amb\u00a0aquest resultat \u00e9s la tercera derrota consecutiva, per\u00f2 on el conjunt de la Fundaci\u00f3 Grama segueix mantenint la quarta posici\u00f3 amb 33 punts malgrat que era una clara oportunitat de redu\u00efr dist\u00e0ncies als equips per damunt que han empatat, el Collblanc i el Bufal\u00e0.<\/span><\/p>\n<p style=\"text-align: justify;\"><span style=\"color: #000000;\">L&#8217;immediat perseguidor d&#8217;aquest Infantil C FEGrama s\u00ed ha redu\u00eft punts, el Carmelo, que es col.loca amb 31 punts a nom\u00e8s dos punts.<\/span><\/p>\n<p style=\"text-align: justify;\"><span style=\"color: #000000;\">Els jugadors entrenats per Rafa Muriel i Sergio Sierra voldran continuar a la quarta posici\u00f3 i sumar per pujar dels 33 punts i probar de puntuar a la jornada 23 al Nou Municipal contra la Escola Brafa, des\u00e8 classificat amb 21 punts, el diumenge 6 d&#8217;abril des de les 11:45 hores.<\/span><\/p>\n<p style=\"text-align: justify;\"><span style=\"color: #000000;\">[divider]<\/span><\/p>\n<p style=\"text-align: justify;\"><span style=\"color: #000000;\">[button color=\u00bbblue\u00bb size=\u00bbsmall\u00bb link=\u00bbhttp:\/\/www.fcf.cat\/pnfg\/NFG_CmpJornada?cod_primaria=1000120&amp;CodCompeticion=18473303&amp;CodGrupo=18577730&amp;CodTemporada=9&amp;CodJornada=10&#8243; target=\u00bbblank\u00bb ]Resultats[\/button]<\/span><\/p>\n<p style=\"text-align: justify;\"><span style=\"color: #000000;\">[button color=\u00bbblue\u00bb size=\u00bbsmall\u00bb link=\u00bbhttp:\/\/www.fcf.cat\/pnfg\/NPcd\/NFG_VisClasificacion?cod_primaria=1000120&amp;codgrupo=18577730&amp;codcompeticion=18473303&#8243; target=\u00bbblank\u00bb ]Classificaci\u00f3[\/button]<\/span><\/p>\n<p style=\"text-align: justify;\"><span style=\"color: #000000;\">El Infantil C FEGrama querr\u00e1 repetir la victoria en el campo de la Gornal por 3-2 como el de la semana pasada.<\/span><\/p>\n<p style=\"text-align: justify;\"><span style=\"color: #000000;\">A pesar de los locales estar und\u00e9cimo en la clasificaci\u00f3n, los dirigidos Rafa Muriel y Sergio Sierra, de momento con este resultado es la tercera derrota consecutiva, pero donde el conjunto de la Fundaci\u00f3n Grama sigue manteniendo la cuarta posici\u00f3n con 33 puntos a pesar de que era una clara oportunidad de reducir distancias a los equipos por encima que han empatado, el Collblanc y el Bufal\u00e0.<\/span><\/p>\n<p style=\"text-align: justify;\"><span style=\"color: #000000;\">El inmediato perseguidor de este Infantil C FEGrama s\u00ed ha reducido puntos, el Carmelo, que se coloca con 31 puntos a s\u00f3lo dos puntos.<\/span><\/p>\n<p style=\"text-align: justify;\"><span style=\"color: #000000;\">Los jugadores entrenados por Rafa Muriel y Sergio Sierra querr\u00e1n continuar en la cuarta posici\u00f3n y sumar para subir los 33 puntos y probar de puntuar en la jornada 23 en el Nou Municipal contra la Escuela Brafa, d\u00e9cimo clasificado con 21 puntos, el domingo 6 de abril desde las 11:45 horas.<\/span><\/p>\n<p style=\"text-align: justify;\"><span style=\"color: #000000;\"><strong>Visca l&#8217;Esperit Grama!!!<\/strong><\/span><\/p>\n","protected":false},"excerpt":{"rendered":"<p>L&#8217;Infantil C FEGrama voldr\u00e0 repetir la vict\u00f2ria al camp de la Gornal per 3-2 com \u00a0el de\u00a0la setmana passada. Malgrat els locals estar onz\u00e8 a la classificaci\u00f3, els dirigits Rafa Muriel i Sergio Sierra, de moment amb\u00a0aquest resultat \u00e9s la tercera derrota consecutiva, per\u00f2 on el conjunt de la Fundaci\u00f3 Grama segueix mantenint la quarta [&hellip;]<\/p>\n","protected":false},"author":1,"featured_media":0,"comment_status":"closed","ping_status":"closed","sticky":false,"template":"","format":"standard","meta":{"footnotes":""},"categories":[4,9],"tags":[],"class_list":["post-3189","post","type-post","status-publish","format-standard","hentry","category-base-inclusiu","category-infantils"],"_links":{"self":[{"href":"http:\/\/fegrama.cat\/web\/wp-json\/wp\/v2\/posts\/3189","targetHints":{"allow":["GET"]}}],"collection":[{"href":"http:\/\/fegrama.cat\/web\/wp-json\/wp\/v2\/posts"}],"about":[{"href":"http:\/\/fegrama.cat\/web\/wp-json\/wp\/v2\/types\/post"}],"author":[{"embeddable":true,"href":"http:\/\/fegrama.cat\/web\/wp-json\/wp\/v2\/users\/1"}],"replies":[{"embeddable":true,"href":"http:\/\/fegrama.cat\/web\/wp-json\/wp\/v2\/comments?post=3189"}],"version-history":[{"count":1,"href":"http:\/\/fegrama.cat\/web\/wp-json\/wp\/v2\/posts\/3189\/revisions"}],"predecessor-version":[{"id":3191,"href":"http:\/\/fegrama.cat\/web\/wp-json\/wp\/v2\/posts\/3189\/revisions\/3191"}],"wp:attachment":[{"href":"http:\/\/fegrama.cat\/web\/wp-json\/wp\/v2\/media?parent=3189"}],"wp:term":[{"taxonomy":"category","embeddable":true,"href":"http:\/\/fegrama.cat\/web\/wp-json\/wp\/v2\/categories?post=3189"},{"taxonomy":"post_tag","embeddable":true,"href":"http:\/\/fegrama.cat\/web\/wp-json\/wp\/v2\/tags?post=3189"}],"curies":[{"name":"wp","href":"https:\/\/api.w.org\/{rel}","templated":true}]}}