{"id":3186,"date":"2014-04-04T08:12:18","date_gmt":"2014-04-04T06:12:18","guid":{"rendered":"http:\/\/fegrama.cat\/web\/?p=3186"},"modified":"2014-04-03T20:14:59","modified_gmt":"2014-04-03T18:14:59","slug":"laleviinfantil-femeni-de-la-fegrama-albergara-al-nou-municipal-de-santa-coloma-al-vilassar-de-mar-quart","status":"publish","type":"post","link":"http:\/\/fegrama.cat\/web\/laleviinfantil-femeni-de-la-fegrama-albergara-al-nou-municipal-de-santa-coloma-al-vilassar-de-mar-quart\/","title":{"rendered":"L&#8217;Alev\u00ed\/Infantil Femen\u00ed de la FEGrama albergar\u00e0 al Nou Municipal de Santa Coloma al Vilassar de Mar, quart"},"content":{"rendered":"<p style=\"text-align: justify;\"><span style=\"color: #000000;\">L&#8217;Alev\u00ed\/Infantil Femen\u00ed de la FEGrama dirigit per Goretti va guanyar a la setmana passada a casa del Martinenc per 3-6 i voldr\u00e0 seguir sumant al pr\u00f2xim cap de setmana.<\/span><\/p>\n<p style=\"text-align: justify;\"><span style=\"color: #000000;\">El conjunt de la Fundaci\u00f3 Grama continu\u00e0 a la sisena posici\u00f3 amb els grups de dalt de la taula amb la suma d&#8217;aquests 40 punts i augmenta la difer\u00e8ncia amb el perseguidor immediat com \u00e9s el Martinenc.<\/span><\/p>\n<p style=\"text-align: justify;\"><span style=\"color: #000000;\">A la jornada 23 el conjunt femen\u00ed de la Fundaci\u00f3 Grama rebr\u00e0 al Nou Municipal de Santa Coloma al Vilassar de Mar, quart classificat amb 51 punts, el dissabte 5 d&#8217;abril a les 11:00 hores.<\/span><\/p>\n<p style=\"text-align: justify;\"><span style=\"color: #000000;\">[divider]<\/span><\/p>\n<p style=\"text-align: justify;\"><span style=\"color: #000000;\">[button color=\u00bbblue\u00bb size=\u00bbsmall\u00bb link=\u00bbhttp:\/\/www.fcf.cat\/pnfg\/NFG_CmpJornada?cod_primaria=1000120&amp;CodCompeticion=18473338&amp;CodGrupo=18699563&amp;CodTemporada=9&amp;CodJornada=10&#8243; target=\u00bbblank\u00bb ]Resultats[\/button]<\/span><\/p>\n<p style=\"text-align: justify;\"><span style=\"color: #000000;\">[button color=\u00bbblue\u00bb size=\u00bbsmall\u00bb link=\u00bbhttp:\/\/www.fcf.cat\/pnfg\/NPcd\/NFG_VisClasificacion?cod_primaria=1000120&amp;codgrupo=18699563&amp;codcompeticion=18473338&#8243; target=\u00bbblank\u00bb ]Classificaci\u00f3[\/button]<\/span><\/p>\n<p style=\"text-align: justify;\"><span style=\"color: #000000;\">El Alev\u00edn \/ Infantil Femenino de la FEGrama dirigido por Goretti gan\u00f3 la semana pasada en casa del Martinenc por 3-6 y querr\u00e1 seguir sumando el pr\u00f3ximo fin de semana.<\/span><\/p>\n<p style=\"text-align: justify;\"><span style=\"color: #000000;\">El conjunto de la Fundaci\u00f3n Grama continu\u00f3 en la sexta posici\u00f3n con los grupos de arriba de la tabla con la suma de estos 40 puntos y aumenta la diferencia con el perseguidor inmediato como es el Martinenc.<\/span><\/p>\n<p style=\"text-align: justify;\"><span style=\"color: #000000;\">En la jornada 23 el conjunto femenino de la Fundaci\u00f3n Grama recibir\u00e1 en el Nou Municipal de Santa Coloma al Vilassar de Mar, cuarto clasificado con 51 puntos, el s\u00e1bado 5 de abril a las 11:00 horas.<\/span><\/p>\n<p style=\"text-align: justify;\"><span style=\"color: #000000;\"><strong>Visca l&#8217;Esperit Grama!!!<\/strong><\/span><\/p>\n","protected":false},"excerpt":{"rendered":"<p>L&#8217;Alev\u00ed\/Infantil Femen\u00ed de la FEGrama dirigit per Goretti va guanyar a la setmana passada a casa del Martinenc per 3-6 i voldr\u00e0 seguir sumant al pr\u00f2xim cap de setmana. El conjunt de la Fundaci\u00f3 Grama continu\u00e0 a la sisena posici\u00f3 amb els grups de dalt de la taula amb la suma d&#8217;aquests 40 punts i [&hellip;]<\/p>\n","protected":false},"author":1,"featured_media":0,"comment_status":"closed","ping_status":"closed","sticky":false,"template":"","format":"standard","meta":{"footnotes":""},"categories":[4,13],"tags":[],"class_list":["post-3186","post","type-post","status-publish","format-standard","hentry","category-base-inclusiu","category-femeni"],"_links":{"self":[{"href":"http:\/\/fegrama.cat\/web\/wp-json\/wp\/v2\/posts\/3186","targetHints":{"allow":["GET"]}}],"collection":[{"href":"http:\/\/fegrama.cat\/web\/wp-json\/wp\/v2\/posts"}],"about":[{"href":"http:\/\/fegrama.cat\/web\/wp-json\/wp\/v2\/types\/post"}],"author":[{"embeddable":true,"href":"http:\/\/fegrama.cat\/web\/wp-json\/wp\/v2\/users\/1"}],"replies":[{"embeddable":true,"href":"http:\/\/fegrama.cat\/web\/wp-json\/wp\/v2\/comments?post=3186"}],"version-history":[{"count":1,"href":"http:\/\/fegrama.cat\/web\/wp-json\/wp\/v2\/posts\/3186\/revisions"}],"predecessor-version":[{"id":3188,"href":"http:\/\/fegrama.cat\/web\/wp-json\/wp\/v2\/posts\/3186\/revisions\/3188"}],"wp:attachment":[{"href":"http:\/\/fegrama.cat\/web\/wp-json\/wp\/v2\/media?parent=3186"}],"wp:term":[{"taxonomy":"category","embeddable":true,"href":"http:\/\/fegrama.cat\/web\/wp-json\/wp\/v2\/categories?post=3186"},{"taxonomy":"post_tag","embeddable":true,"href":"http:\/\/fegrama.cat\/web\/wp-json\/wp\/v2\/tags?post=3186"}],"curies":[{"name":"wp","href":"https:\/\/api.w.org\/{rel}","templated":true}]}}