{"id":3177,"date":"2014-04-04T09:04:51","date_gmt":"2014-04-04T07:04:51","guid":{"rendered":"http:\/\/fegrama.cat\/web\/?p=3177"},"modified":"2014-04-03T20:07:14","modified_gmt":"2014-04-03T18:07:14","slug":"linfantil-preferent-de-la-fegrama-rebra-al-nou-municipal-a-la-damm-onze","status":"publish","type":"post","link":"http:\/\/fegrama.cat\/web\/linfantil-preferent-de-la-fegrama-rebra-al-nou-municipal-a-la-damm-onze\/","title":{"rendered":"L&#8217;Infantil Preferent de la FEGrama rebr\u00e0 al Nou Municipal a la Damm, onz\u00e8"},"content":{"rendered":"<p style=\"text-align: justify;\"><span style=\"color: #000000;\">L&#8217;Infantil Preferent de la FEGrama dirigits per Rub\u00e9n Blanco voldr\u00e0 repetir el triomf despr\u00e8s de guanyar a L&#8217;Hospitalet per 2-4 a la jornada passada. <\/span><\/p>\n<p style=\"text-align: justify;\"><span style=\"color: #000000;\">Aquesta segona vict\u00f2ria consecutiva com davant l&#8217;Uni\u00f3 J\u00e0bac i Terrassa per 2-0 de la setmana anterior permet al conjunt de la Fundaci\u00f3 Grama ampliar a 4 punts la difer\u00e8ncia amb aquest rival directe de Barcelona i empatar a punts amb la Damm i consolidar-se al numer\u00f2s grup d&#8217;equips amb m\u00e9s de 20 punts.<\/span><\/p>\n<p style=\"text-align: justify;\"><span style=\"color: #000000;\">A la jornada 23 d&#8217;aquest grup 4 de Preferent Infantil, amb 24 punts l&#8217;equip de la FEG rebr\u00e0 al Nou Municipal a la Damm, onz\u00e8 classificat amb 24 punts, el dissabte 5 d&#8217;abril a les 16:30 hores.<\/span><\/p>\n<p style=\"text-align: justify;\"><span style=\"color: #000000;\">[divider]<\/span><\/p>\n<p style=\"text-align: justify;\"><span style=\"color: #000000;\">[button color=\u00bbblue\u00bb size=\u00bbsmall\u00bb link=\u00bbhttp:\/\/www.fcf.cat\/pnfg\/NFG_CmpJornada?cod_primaria=1000120&amp;CodCompeticion=18473300&amp;CodGrupo=18492148&amp;CodTemporada=9&amp;CodJornada=10&#8243; target=\u00bbblank\u00bb ]Resultats[\/button]<\/span><\/p>\n<p style=\"text-align: justify;\"><span style=\"color: #000000;\">[button color=\u00bbblue\u00bb size=\u00bbsmall\u00bb link=\u00bbhttp:\/\/www.fcf.cat\/pnfg\/NPcd\/NFG_VisClasificacion?cod_primaria=1000120&amp;codgrupo=18492148&amp;codcompeticion=18473300&#8243; target=\u00bbblank\u00bb ]Classificaci\u00f3[\/button]<\/span><\/p>\n<p style=\"text-align: justify;\"><span style=\"color: #000000;\">El Infantil Preferente de la FEGrama dirigidos por Rub\u00e9n Blanco querr\u00e1 repetir el triunfo despu\u00e9s de ganar al Hospitalet por 2-4 en la jornada pasada.<\/span><\/p>\n<p style=\"text-align: justify;\"><span style=\"color: #000000;\">Esta segunda victoria consecutiva como ante la Uni\u00f3n J\u00e0bac y Terrassa por 2-0 de la semana anterior permite al conjunto de la Fundaci\u00f3n Grama ampliar a 4 puntos la diferencia con este rival directo de Barcelona y empatar a puntos con la Damm y consolidarse al n\u00fameros grupo de equipos con m\u00e1s de 20 puntos.<\/span><\/p>\n<p style=\"text-align: justify;\"><span style=\"color: #000000;\">En la jornada 23 de este grupo 4 de Preferente Infantil, con 24 puntos el equipo de la FEG recibir\u00e1 en el Nou Municipal a la Damm, und\u00e9cimo clasificado con 24 puntos, el s\u00e1bado 5 de abril a las 16:30 horas.<\/span><\/p>\n<p style=\"text-align: justify;\"><span style=\"color: #000000;\"><strong>Visca l&#8217;Esperit Grama!!!<\/strong><\/span><\/p>\n","protected":false},"excerpt":{"rendered":"<p>L&#8217;Infantil Preferent de la FEGrama dirigits per Rub\u00e9n Blanco voldr\u00e0 repetir el triomf despr\u00e8s de guanyar a L&#8217;Hospitalet per 2-4 a la jornada passada. Aquesta segona vict\u00f2ria consecutiva com davant l&#8217;Uni\u00f3 J\u00e0bac i Terrassa per 2-0 de la setmana anterior permet al conjunt de la Fundaci\u00f3 Grama ampliar a 4 punts la difer\u00e8ncia amb aquest [&hellip;]<\/p>\n","protected":false},"author":1,"featured_media":0,"comment_status":"closed","ping_status":"closed","sticky":false,"template":"","format":"standard","meta":{"footnotes":""},"categories":[4,9],"tags":[],"class_list":["post-3177","post","type-post","status-publish","format-standard","hentry","category-base-inclusiu","category-infantils"],"_links":{"self":[{"href":"http:\/\/fegrama.cat\/web\/wp-json\/wp\/v2\/posts\/3177","targetHints":{"allow":["GET"]}}],"collection":[{"href":"http:\/\/fegrama.cat\/web\/wp-json\/wp\/v2\/posts"}],"about":[{"href":"http:\/\/fegrama.cat\/web\/wp-json\/wp\/v2\/types\/post"}],"author":[{"embeddable":true,"href":"http:\/\/fegrama.cat\/web\/wp-json\/wp\/v2\/users\/1"}],"replies":[{"embeddable":true,"href":"http:\/\/fegrama.cat\/web\/wp-json\/wp\/v2\/comments?post=3177"}],"version-history":[{"count":1,"href":"http:\/\/fegrama.cat\/web\/wp-json\/wp\/v2\/posts\/3177\/revisions"}],"predecessor-version":[{"id":3179,"href":"http:\/\/fegrama.cat\/web\/wp-json\/wp\/v2\/posts\/3177\/revisions\/3179"}],"wp:attachment":[{"href":"http:\/\/fegrama.cat\/web\/wp-json\/wp\/v2\/media?parent=3177"}],"wp:term":[{"taxonomy":"category","embeddable":true,"href":"http:\/\/fegrama.cat\/web\/wp-json\/wp\/v2\/categories?post=3177"},{"taxonomy":"post_tag","embeddable":true,"href":"http:\/\/fegrama.cat\/web\/wp-json\/wp\/v2\/tags?post=3177"}],"curies":[{"name":"wp","href":"https:\/\/api.w.org\/{rel}","templated":true}]}}