{"id":31743,"date":"2023-01-18T19:32:00","date_gmt":"2023-01-18T18:32:00","guid":{"rendered":"http:\/\/fegrama.cat\/web\/?p=31743"},"modified":"2023-01-20T07:33:17","modified_gmt":"2023-01-20T06:33:17","slug":"presentacio-de-jose-solivelles","status":"publish","type":"post","link":"http:\/\/fegrama.cat\/web\/presentacio-de-jose-solivelles\/","title":{"rendered":"Presentaci\u00f3 de Jose Solivelles"},"content":{"rendered":"\n<p class=\"has-white-color has-text-color\">Aquest dimarts 17-1-2023 es va presentar a Jose Solivelles com a nou entrenador de la FE Grama. El t\u00e8cnic valles\u00e0 arriba al club despr\u00e9s d&#8217;etapes a Granollers, Manresa o Sabadell, i signa fins al final de la seg\u00fcent temporada.<\/p>\n\n\n\n<p class=\"has-white-color has-text-color\">En primer lloc, Antonio Morales va parlar als micr\u00f2fons de Grama TV, on va dir que <em>\u00absento dolor perqu\u00e8 hem de cessar a un noi de la casa com el Manu, que des dels 7 anys ha estat al club, i ara se li ha ofert seguir a l&#8217;entitat en un altre parcel\u00b7la\u00bb.<\/em> A m\u00e9s, afegeix que <em>\u00abl&#8217;incorporaci\u00f3 de Jose Solivelles \u00e9s el millor remei i per lluitar per la salvaci\u00f3 i planificar la temporada vinent\u00bb.<\/em><\/p>\n\n\n\n<p class=\"has-white-color has-text-color\">Per la seva part, el director esportiu Josep Sicart, va explicar que <em>\u00ab\u00e9s una soluci\u00f3 a la situaci\u00f3 que ten\u00edem i buscar un entrenador que coneix i ha vist l&#8217;equip i la categoria, a m\u00e9s de poder planificar de cara a la 23-24\u00bb<\/em><\/p>\n\n\n\n<p class=\"has-white-color has-text-color\">El nou m\u00edster, Jose Solivelles, es va mostrar il\u00b7lusionat i amb ganes d&#8217;afrontar el nou repte: <em>\u00abcrec que es poden treure coses positives de l&#8217;equip, que ha de cr\u00e8ixer sent s\u00f2lid des del darrere. Necessitem guanyar partits i sortir de la zona on estem. Estic molt content i il\u00b7lusionat de ser aqu\u00ed, feia anys que em feia il\u00b7lusi\u00f3 estar-hi. Sempre he vingut com a visitant i ara he canviat de vestidor, estic al local a una instal\u00b7laci\u00f3 brutal\u00bb.<\/em><\/p>\n\n\n\n<p class=\"has-white-color has-text-color\"><strong><em>(Castellano)<\/em><\/strong><\/p>\n\n\n\n<p class=\"has-white-color has-text-color\">Este martes 17-1-2023 se present\u00f3 a Jose Solivelles como nuevo entrenador de la FE Grama. El t\u00e9cnico vallesano llega al club despu\u00e9s de etapas en Granollers, Manresa o Sabadell, y firma hasta el final de la siguiente temporada.<\/p>\n\n\n\n<p class=\"has-white-color has-text-color\">En primer lugar, Antonio Morales habl\u00f3 en los micr\u00f3fonos de Grama TV, donde dijo que <em>\u00absiento dolor porque tenemos que cesar a un chico de la casa como Manu, que desde los 7 a\u00f1os ha estado en el club, y ahora se le ha ofrecido seguir en la entidad en otra parcela\u00bb.<\/em> Adem\u00e1s, a\u00f1ade que <em>\u00abla incorporaci\u00f3n de Jose Solivelles es el mejor remedio y para luchar por la salvaci\u00f3n y planificar la pr\u00f3xima temporada\u00bb.<\/em><\/p>\n\n\n\n<p class=\"has-white-color has-text-color\">Por su parte, el director deportivo Josep Sicart, explic\u00f3 que <em>\u00abes una soluci\u00f3n a la situaci\u00f3n que ten\u00edamos y buscar a un entrenador que conoce y ha visto al equipo y a la categor\u00eda, adem\u00e1s del hecho de poder planificar de cara a la 23- 24\u00bb<\/em><\/p>\n\n\n\n<p class=\"has-white-color has-text-color\">El nuevo m\u00edster, Jose Solivelles, se mostr\u00f3 ilusionado y con ganas de afrontar el nuevo reto: <em>\u00abcreo que se pueden sacar cosas positivas del equipo, que debe crecer siendo s\u00f3lido desde atr\u00e1s. Necesitamos ganar partidos y salir de la zona donde estamos. Estoy muy contento e ilusionado de estar aqu\u00ed. Siempre he venido como visitante y ahora he cambiado de vestuario, estoy en el local de una instalaci\u00f3n brutal\u00bb.<\/em><\/p>\n","protected":false},"excerpt":{"rendered":"<p>Aquest dimarts 17-1-2023 es va presentar a Jose Solivelles com a nou entrenador de la FE Grama. El t\u00e8cnic valles\u00e0 arriba al club despr\u00e9s d&#8217;etapes a Granollers, Manresa o Sabadell, i signa fins al final de la seg\u00fcent temporada. En primer lloc, Antonio Morales va parlar als micr\u00f2fons de Grama TV, on va dir que [&hellip;]<\/p>\n","protected":false},"author":1,"featured_media":31745,"comment_status":"closed","ping_status":"closed","sticky":false,"template":"","format":"standard","meta":{"footnotes":""},"categories":[5],"tags":[],"class_list":["post-31743","post","type-post","status-publish","format-standard","has-post-thumbnail","hentry","category-primer-equip"],"_links":{"self":[{"href":"http:\/\/fegrama.cat\/web\/wp-json\/wp\/v2\/posts\/31743","targetHints":{"allow":["GET"]}}],"collection":[{"href":"http:\/\/fegrama.cat\/web\/wp-json\/wp\/v2\/posts"}],"about":[{"href":"http:\/\/fegrama.cat\/web\/wp-json\/wp\/v2\/types\/post"}],"author":[{"embeddable":true,"href":"http:\/\/fegrama.cat\/web\/wp-json\/wp\/v2\/users\/1"}],"replies":[{"embeddable":true,"href":"http:\/\/fegrama.cat\/web\/wp-json\/wp\/v2\/comments?post=31743"}],"version-history":[{"count":2,"href":"http:\/\/fegrama.cat\/web\/wp-json\/wp\/v2\/posts\/31743\/revisions"}],"predecessor-version":[{"id":31746,"href":"http:\/\/fegrama.cat\/web\/wp-json\/wp\/v2\/posts\/31743\/revisions\/31746"}],"wp:featuredmedia":[{"embeddable":true,"href":"http:\/\/fegrama.cat\/web\/wp-json\/wp\/v2\/media\/31745"}],"wp:attachment":[{"href":"http:\/\/fegrama.cat\/web\/wp-json\/wp\/v2\/media?parent=31743"}],"wp:term":[{"taxonomy":"category","embeddable":true,"href":"http:\/\/fegrama.cat\/web\/wp-json\/wp\/v2\/categories?post=31743"},{"taxonomy":"post_tag","embeddable":true,"href":"http:\/\/fegrama.cat\/web\/wp-json\/wp\/v2\/tags?post=31743"}],"curies":[{"name":"wp","href":"https:\/\/api.w.org\/{rel}","templated":true}]}}