{"id":3174,"date":"2014-04-04T09:02:00","date_gmt":"2014-04-04T07:02:00","guid":{"rendered":"http:\/\/fegrama.cat\/web\/?p=3174"},"modified":"2014-04-03T20:04:44","modified_gmt":"2014-04-03T18:04:44","slug":"lalevi-d-de-la-fegrama-rebra-al-nou-municipal-de-santa-coloma-a-la-penya-barcelonista-barcino-catorze","status":"publish","type":"post","link":"http:\/\/fegrama.cat\/web\/lalevi-d-de-la-fegrama-rebra-al-nou-municipal-de-santa-coloma-a-la-penya-barcelonista-barcino-catorze\/","title":{"rendered":"L&#8217;Alev\u00ed D de la FEGrama rebr\u00e0 al Nou Municipal de Santa Coloma a la Penya Barcelonista Barcino, catorz\u00e8"},"content":{"rendered":"<p style=\"text-align: justify;\"><span style=\"color: #000000;\">El conjunt de Santa Coloma dirigit per Isma Rom\u00e1n voldr\u00e0 canviar la din\u00e0mica de la derrota a casa del Young Talent per 4-3 de la setmana passada davant l&#8217;onz\u00e8 classificat.<\/span><\/p>\n<p style=\"text-align: justify;\"><span style=\"color: #000000;\">Aquesta derrota per\u00f2 no impideix que aquest Alev\u00ed D FEGrama es consolid\u00e8s a dalt d&#8217;aquest grup 10 de Tercera Divisi\u00f3 nom\u00e8s superat ara per l&#8217;Arrabal-Calaf a un punt, l&#8217;Escola Brafa a 5 punts i el l\u00edder el Catal\u00f2nia amb 58 punts.<\/span><\/p>\n<p style=\"text-align: justify;\"><span style=\"color: #000000;\">A la pr\u00f2xima jornada 23, l&#8217;equip de la Fundaci\u00f3 Grama rebr\u00e0 al Nou Municipal de Santa Coloma a la Penya Barcelonista Barcino, catorz\u00e8 classificat amb 12 punts, el diumenge 6 d&#8217;abril a les 14:15 hores.<\/span><\/p>\n<p style=\"text-align: justify;\"><span style=\"color: #000000;\">[divider]<\/span><\/p>\n<p style=\"text-align: justify;\"><span style=\"color: #000000;\">[button color=\u00bbblue\u00bb size=\u00bbsmall\u00bb link=\u00bbhttp:\/\/www.fcf.cat\/pnfg\/NFG_CmpJornada?cod_primaria=1000120&amp;CodCompeticion=18473309&amp;CodGrupo=18578226&amp;CodTemporada=9&amp;CodJornada=10&#8243; target=\u00bbblank\u00bb ]Resultats[\/button]<\/span><\/p>\n<p style=\"text-align: justify;\"><span style=\"color: #000000;\">[button color=\u00bbblue\u00bb size=\u00bbsmall\u00bb link=\u00bbhttp:\/\/www.fcf.cat\/pnfg\/NPcd\/NFG_VisClasificacion?cod_primaria=1000120&amp;codgrupo=18578226&amp;codcompeticion=18473309&#8243; target=\u00bbblank\u00bb ]Classificaci\u00f3[\/button]<\/span><\/p>\n<p style=\"text-align: justify;\"><span style=\"color: #000000;\">El conjunto de Santa Coloma dirigido por Isma Rom\u00e1n querr\u00e1 cambiar la din\u00e1mica de la derrota en casa del Young Talent por 4-3 de la semana pasada ante el und\u00e9cimo clasificado. <\/span><br \/>\n<span style=\"color: #000000;\">Esta derrota pero no impide que este Alev\u00edn D FEGrama se consolida arriba de este grupo 10 de Tercera Divisi\u00f3n s\u00f3lo superado ahora por el Arrabal-Calaf a un punto, la Escuela Brafa a 5 puntos y el l\u00edder el Catal\u00f2nia con 58 puntos .<\/span><\/p>\n<p style=\"text-align: justify;\"><span style=\"color: #000000;\">En la pr\u00f3xima jornada 23, el equipo de la Fundaci\u00f3n Grama recibir\u00e1 en el Nou Municipal de Santa Coloma a la Pe\u00f1a Barcelonista Barcino, decimocuarto clasificado con 12 puntos, el domingo 6 de abril a las 14:15 horas.<\/span><\/p>\n<p style=\"text-align: justify;\"><span style=\"color: #000000;\"><strong>Visca l&#8217;Esperit Grama!!!<\/strong><\/span><\/p>\n","protected":false},"excerpt":{"rendered":"<p>El conjunt de Santa Coloma dirigit per Isma Rom\u00e1n voldr\u00e0 canviar la din\u00e0mica de la derrota a casa del Young Talent per 4-3 de la setmana passada davant l&#8217;onz\u00e8 classificat. Aquesta derrota per\u00f2 no impideix que aquest Alev\u00ed D FEGrama es consolid\u00e8s a dalt d&#8217;aquest grup 10 de Tercera Divisi\u00f3 nom\u00e8s superat ara per l&#8217;Arrabal-Calaf [&hellip;]<\/p>\n","protected":false},"author":1,"featured_media":0,"comment_status":"closed","ping_status":"closed","sticky":false,"template":"","format":"standard","meta":{"footnotes":""},"categories":[10,4],"tags":[],"class_list":["post-3174","post","type-post","status-publish","format-standard","hentry","category-alevins","category-base-inclusiu"],"_links":{"self":[{"href":"http:\/\/fegrama.cat\/web\/wp-json\/wp\/v2\/posts\/3174","targetHints":{"allow":["GET"]}}],"collection":[{"href":"http:\/\/fegrama.cat\/web\/wp-json\/wp\/v2\/posts"}],"about":[{"href":"http:\/\/fegrama.cat\/web\/wp-json\/wp\/v2\/types\/post"}],"author":[{"embeddable":true,"href":"http:\/\/fegrama.cat\/web\/wp-json\/wp\/v2\/users\/1"}],"replies":[{"embeddable":true,"href":"http:\/\/fegrama.cat\/web\/wp-json\/wp\/v2\/comments?post=3174"}],"version-history":[{"count":1,"href":"http:\/\/fegrama.cat\/web\/wp-json\/wp\/v2\/posts\/3174\/revisions"}],"predecessor-version":[{"id":3176,"href":"http:\/\/fegrama.cat\/web\/wp-json\/wp\/v2\/posts\/3174\/revisions\/3176"}],"wp:attachment":[{"href":"http:\/\/fegrama.cat\/web\/wp-json\/wp\/v2\/media?parent=3174"}],"wp:term":[{"taxonomy":"category","embeddable":true,"href":"http:\/\/fegrama.cat\/web\/wp-json\/wp\/v2\/categories?post=3174"},{"taxonomy":"post_tag","embeddable":true,"href":"http:\/\/fegrama.cat\/web\/wp-json\/wp\/v2\/tags?post=3174"}],"curies":[{"name":"wp","href":"https:\/\/api.w.org\/{rel}","templated":true}]}}