{"id":31735,"date":"2023-01-18T22:48:01","date_gmt":"2023-01-18T21:48:01","guid":{"rendered":"http:\/\/fegrama.cat\/web\/?p=31735"},"modified":"2023-01-18T22:48:03","modified_gmt":"2023-01-18T21:48:03","slug":"triomf-de-lequip-inclusiu","status":"publish","type":"post","link":"http:\/\/fegrama.cat\/web\/triomf-de-lequip-inclusiu\/","title":{"rendered":"Triomf de l&#8217;equip Inclusiu"},"content":{"rendered":"\n<p>El mat\u00ed de dimecres 18 de gener, el nostre equip inclusiu va disputar el matx de recuperaci\u00f3 de la segona jornada de lliga amb una nova vict\u00f2ria amb el resultat final de 9-2 contra l&#8217;equip de Badalona. Transcorreguts els primers 20 minuts el marcador reflectia 4-2. Durant la segona part, es van anar fent rotacions de tots els jugadors fins al xiulet final.<\/p>\n\n\n\n<p><strong><em>(Castellano)<\/em><\/strong><\/p>\n\n\n\n<p>En la ma\u00f1ana del mi\u00e9rcoles 18 de enero, nuestro equipo inclusivo disput\u00f3 el encuentro de recuperaci\u00f3n de la segunda jornada de liga con una nueva victoria con el resultado final de 9-2 contra el equipo de Badalona. Transcurridos los primeros 20 minutos el marcador reflejaba 4-2. Durante la segunda parte, se fueron haciendo rotaciones de todos los jugadores hasta\u00a0el\u00a0pitido\u00a0final.<\/p>\n","protected":false},"excerpt":{"rendered":"<p>El mat\u00ed de dimecres 18 de gener, el nostre equip inclusiu va disputar el matx de recuperaci\u00f3 de la segona jornada de lliga amb una nova vict\u00f2ria amb el resultat final de 9-2 contra l&#8217;equip de Badalona. Transcorreguts els primers 20 minuts el marcador reflectia 4-2. Durant la segona part, es van anar fent rotacions [&hellip;]<\/p>\n","protected":false},"author":1,"featured_media":31736,"comment_status":"closed","ping_status":"closed","sticky":false,"template":"","format":"standard","meta":{"footnotes":""},"categories":[4,1256],"tags":[],"class_list":["post-31735","post","type-post","status-publish","format-standard","has-post-thumbnail","hentry","category-base-inclusiu","category-inclusiu"],"_links":{"self":[{"href":"http:\/\/fegrama.cat\/web\/wp-json\/wp\/v2\/posts\/31735","targetHints":{"allow":["GET"]}}],"collection":[{"href":"http:\/\/fegrama.cat\/web\/wp-json\/wp\/v2\/posts"}],"about":[{"href":"http:\/\/fegrama.cat\/web\/wp-json\/wp\/v2\/types\/post"}],"author":[{"embeddable":true,"href":"http:\/\/fegrama.cat\/web\/wp-json\/wp\/v2\/users\/1"}],"replies":[{"embeddable":true,"href":"http:\/\/fegrama.cat\/web\/wp-json\/wp\/v2\/comments?post=31735"}],"version-history":[{"count":1,"href":"http:\/\/fegrama.cat\/web\/wp-json\/wp\/v2\/posts\/31735\/revisions"}],"predecessor-version":[{"id":31737,"href":"http:\/\/fegrama.cat\/web\/wp-json\/wp\/v2\/posts\/31735\/revisions\/31737"}],"wp:featuredmedia":[{"embeddable":true,"href":"http:\/\/fegrama.cat\/web\/wp-json\/wp\/v2\/media\/31736"}],"wp:attachment":[{"href":"http:\/\/fegrama.cat\/web\/wp-json\/wp\/v2\/media?parent=31735"}],"wp:term":[{"taxonomy":"category","embeddable":true,"href":"http:\/\/fegrama.cat\/web\/wp-json\/wp\/v2\/categories?post=31735"},{"taxonomy":"post_tag","embeddable":true,"href":"http:\/\/fegrama.cat\/web\/wp-json\/wp\/v2\/tags?post=31735"}],"curies":[{"name":"wp","href":"https:\/\/api.w.org\/{rel}","templated":true}]}}