{"id":31732,"date":"2023-01-18T14:14:06","date_gmt":"2023-01-18T13:14:06","guid":{"rendered":"https:\/\/fegrama.cat\/web\/?p=31732"},"modified":"2023-01-18T14:14:07","modified_gmt":"2023-01-18T13:14:07","slug":"condemna-als-actes-radicals-18-1-2023","status":"publish","type":"post","link":"http:\/\/fegrama.cat\/web\/condemna-als-actes-radicals-18-1-2023\/","title":{"rendered":"Condemna als actes radicals (18-1-2023)"},"content":{"rendered":"\n<p class=\"has-white-color has-text-color\">La junta directiva de la Fundaci\u00f3 Esportiva Grama amb el seu president Antonio Morales al capdavant vol condemnar de forma contundent els actes de vandalisme i falta de respecte que s\u2019estan produint aquests dies a Santa Coloma de Gramenet.<\/p>\n\n\n\n<p class=\"has-white-color has-text-color\">No hem d\u2019oblidar mai que la llibertat d\u2019expressi\u00f3 que ens dona un estat democr\u00e0tic no pot estar lligada a la viol\u00e8ncia en cap de les seves formes i que per tant es sustenta en el respecte a les formes de pensar de tothom.<\/p>\n\n\n\n<p class=\"has-white-color has-text-color\">Cadasc\u00fa \u00e9s lliure d\u2019opinar, per\u00f2 sempre des del respecte i sense causar perjudicis a les persones i entitats del seu entorn.<\/p>\n\n\n\n<p class=\"has-white-color has-text-color\">Junta directiva FEG.<\/p>\n\n\n\n<p class=\"has-white-color has-text-color\"><strong><em>(Castellano)<\/em><\/strong><\/p>\n\n\n\n<p class=\"has-white-color has-text-color\">La junta directiva de la Fundaci\u00f3n Deportiva Grama con su presidente Antonio Morales al frente quiere condenar de forma contundente los actos de vandalismo y falta de respeto que se est\u00e1n produciendo estos d\u00edas en Santa Coloma de Gramenet.<\/p>\n\n\n\n<p class=\"has-white-color has-text-color\">Nunca debemos olvidar que la libertad de expresi\u00f3n que nos da un estado democr\u00e1tico no puede estar ligada a la violencia en ninguna de sus formas y que por tanto se sustenta en el respeto a las formas de pensar de todos.<\/p>\n\n\n\n<p class=\"has-white-color has-text-color\">Cada uno es libre de opinar, pero siempre desde el respeto y sin causar perjuicios a las personas y entidades de su entorno.<\/p>\n\n\n\n<p class=\"has-white-color has-text-color\">Junta directiva FEG.<\/p>\n","protected":false},"excerpt":{"rendered":"<p>La junta directiva de la Fundaci\u00f3 Esportiva Grama amb el seu president Antonio Morales al capdavant vol condemnar de forma contundent els actes de vandalisme i falta de respecte que s\u2019estan produint aquests dies a Santa Coloma de Gramenet. No hem d\u2019oblidar mai que la llibertat d\u2019expressi\u00f3 que ens dona un estat democr\u00e0tic no pot [&hellip;]<\/p>\n","protected":false},"author":1,"featured_media":31734,"comment_status":"closed","ping_status":"closed","sticky":false,"template":"","format":"standard","meta":{"footnotes":""},"categories":[14],"tags":[],"class_list":["post-31732","post","type-post","status-publish","format-standard","has-post-thumbnail","hentry","category-noticies"],"_links":{"self":[{"href":"http:\/\/fegrama.cat\/web\/wp-json\/wp\/v2\/posts\/31732","targetHints":{"allow":["GET"]}}],"collection":[{"href":"http:\/\/fegrama.cat\/web\/wp-json\/wp\/v2\/posts"}],"about":[{"href":"http:\/\/fegrama.cat\/web\/wp-json\/wp\/v2\/types\/post"}],"author":[{"embeddable":true,"href":"http:\/\/fegrama.cat\/web\/wp-json\/wp\/v2\/users\/1"}],"replies":[{"embeddable":true,"href":"http:\/\/fegrama.cat\/web\/wp-json\/wp\/v2\/comments?post=31732"}],"version-history":[{"count":1,"href":"http:\/\/fegrama.cat\/web\/wp-json\/wp\/v2\/posts\/31732\/revisions"}],"predecessor-version":[{"id":31733,"href":"http:\/\/fegrama.cat\/web\/wp-json\/wp\/v2\/posts\/31732\/revisions\/31733"}],"wp:featuredmedia":[{"embeddable":true,"href":"http:\/\/fegrama.cat\/web\/wp-json\/wp\/v2\/media\/31734"}],"wp:attachment":[{"href":"http:\/\/fegrama.cat\/web\/wp-json\/wp\/v2\/media?parent=31732"}],"wp:term":[{"taxonomy":"category","embeddable":true,"href":"http:\/\/fegrama.cat\/web\/wp-json\/wp\/v2\/categories?post=31732"},{"taxonomy":"post_tag","embeddable":true,"href":"http:\/\/fegrama.cat\/web\/wp-json\/wp\/v2\/tags?post=31732"}],"curies":[{"name":"wp","href":"https:\/\/api.w.org\/{rel}","templated":true}]}}