{"id":31711,"date":"2023-01-17T20:16:31","date_gmt":"2023-01-17T19:16:31","guid":{"rendered":"https:\/\/fegrama.cat\/web\/?p=31711"},"modified":"2023-01-18T09:49:26","modified_gmt":"2023-01-18T08:49:26","slug":"jose-solivelles-nou-entrenador-de-la-fe-grama","status":"publish","type":"post","link":"http:\/\/fegrama.cat\/web\/jose-solivelles-nou-entrenador-de-la-fe-grama\/","title":{"rendered":"Jos\u00e9 Solivelles, nou entrenador de la FE Grama"},"content":{"rendered":"\n<p class=\"has-white-color has-text-color\">La Fundaci\u00f3 Esportiva Grama vol comunicar la contractaci\u00f3 de Jos\u00e9 Solivelles per a dirigir el primer equip de l&#8217;entitat. Signa fins el 30 de juny de 2024. El seu primer entrenament com a entrenador de la Grama ser\u00e0 dem\u00e0, dimecres 18\/1, per comen\u00e7ar a preparar el partit de diumenge davant la Monta\u00f1esa.<\/p>\n\n\n\n<p class=\"has-white-color has-text-color\">Jos\u00e9 Solivelles t\u00e9 experi\u00e8ncia tant a Tercera Federaci\u00f3 com a l&#8217;antiga Segona Divisi\u00f3 B, ja que va dirigir al CE Sabadell a la temporada 2016\/17. Tamb\u00e9 va estar al Manresa, club on va dirigir 12 jornadas i que va ficar a posicions de promoci\u00f3 d&#8217;ascens. Posteriorment, agafaria les rendes del Granollers, on va estar 4 temporades i va aconseguir -a la 20\/21- ficar l&#8217;equip a playoff d&#8217;ascens cap a Segona Federaci\u00f3. Benvingut, Jos\u00e9.<\/p>\n\n\n\n<p><strong><em>(Castellano)<\/em><\/strong><\/p>\n\n\n\n<p class=\"has-white-color has-text-color\">La Fundaci\u00f3 Esportiva Grama quiere comunicar la contrataci\u00f3n de Jos\u00e9 Solivelles para dirigir el primer equipo de la entidad. Firma hasta el 30 de junio de 2024. Su primer entrenamiento como entrenador de la Grama ser\u00e1 ma\u00f1ana, mi\u00e9rcoles 18\/1, para comenzar a preparar el partido del domingo ante la Monta\u00f1esa.<\/p>\n\n\n\n<p class=\"has-white-color has-text-color\">Jos\u00e9 Solivelles tiene experiencia tanto en Tercera Federaci\u00f3n como en la antigua Segunda Divisi\u00f3n B, ya que dirigi\u00f3 al CE Sabadell en la temporada 2016\/17. Tambi\u00e9n estuvo en el Manresa, club que dirigi\u00f3 durante 12 jornadas y que tuvo en posiciones de promoci\u00f3n. Posteriormente, coger\u00eda las rentas del Granollers, donde estuvo 4 temporadas y logr\u00f3 -en la 20\/21- meter al equipo a playoff de ascenso hacia Segunda Federaci\u00f3n. Bienvenido, Jos\u00e9.<\/p>\n","protected":false},"excerpt":{"rendered":"<p>La Fundaci\u00f3 Esportiva Grama vol comunicar la contractaci\u00f3 de Jos\u00e9 Solivelles per a dirigir el primer equip de l&#8217;entitat. Signa fins el 30 de juny de 2024. El seu primer entrenament com a entrenador de la Grama ser\u00e0 dem\u00e0, dimecres 18\/1, per comen\u00e7ar a preparar el partit de diumenge davant la Monta\u00f1esa. Jos\u00e9 Solivelles t\u00e9 [&hellip;]<\/p>\n","protected":false},"author":1,"featured_media":31722,"comment_status":"closed","ping_status":"closed","sticky":false,"template":"","format":"standard","meta":{"footnotes":""},"categories":[14,5],"tags":[],"class_list":["post-31711","post","type-post","status-publish","format-standard","has-post-thumbnail","hentry","category-noticies","category-primer-equip"],"_links":{"self":[{"href":"http:\/\/fegrama.cat\/web\/wp-json\/wp\/v2\/posts\/31711","targetHints":{"allow":["GET"]}}],"collection":[{"href":"http:\/\/fegrama.cat\/web\/wp-json\/wp\/v2\/posts"}],"about":[{"href":"http:\/\/fegrama.cat\/web\/wp-json\/wp\/v2\/types\/post"}],"author":[{"embeddable":true,"href":"http:\/\/fegrama.cat\/web\/wp-json\/wp\/v2\/users\/1"}],"replies":[{"embeddable":true,"href":"http:\/\/fegrama.cat\/web\/wp-json\/wp\/v2\/comments?post=31711"}],"version-history":[{"count":9,"href":"http:\/\/fegrama.cat\/web\/wp-json\/wp\/v2\/posts\/31711\/revisions"}],"predecessor-version":[{"id":31731,"href":"http:\/\/fegrama.cat\/web\/wp-json\/wp\/v2\/posts\/31711\/revisions\/31731"}],"wp:featuredmedia":[{"embeddable":true,"href":"http:\/\/fegrama.cat\/web\/wp-json\/wp\/v2\/media\/31722"}],"wp:attachment":[{"href":"http:\/\/fegrama.cat\/web\/wp-json\/wp\/v2\/media?parent=31711"}],"wp:term":[{"taxonomy":"category","embeddable":true,"href":"http:\/\/fegrama.cat\/web\/wp-json\/wp\/v2\/categories?post=31711"},{"taxonomy":"post_tag","embeddable":true,"href":"http:\/\/fegrama.cat\/web\/wp-json\/wp\/v2\/tags?post=31711"}],"curies":[{"name":"wp","href":"https:\/\/api.w.org\/{rel}","templated":true}]}}