{"id":31706,"date":"2023-01-16T18:56:10","date_gmt":"2023-01-16T17:56:10","guid":{"rendered":"http:\/\/fegrama.cat\/web\/?p=31706"},"modified":"2023-01-16T18:58:03","modified_gmt":"2023-01-16T17:58:03","slug":"manu-pelaez-no-seguira-al-capdavant-del-primer-equip","status":"publish","type":"post","link":"http:\/\/fegrama.cat\/web\/manu-pelaez-no-seguira-al-capdavant-del-primer-equip\/","title":{"rendered":"Manu Pel\u00e1ez no seguir\u00e0 al capdavant del primer equip"},"content":{"rendered":"\n<p class=\"has-white-color has-text-color\">La Fundaci\u00f3 Esportiva Grama vol comunicar la destituci\u00f3 de Manu Pel\u00e1ez com a t\u00e8cnic del primer equip mascul\u00ed de la entitat colomenca. S&#8217;ha pres aquesta decisi\u00f3 despr\u00e9s que els resultats obtinguts no estiguin sent els esperats, ja que despr\u00e9s de 17 jornades de lliga l&#8217;equip se sit\u00faa en descens virtual amb 17 punts al casiller.&nbsp;<\/p>\n\n\n\n<p class=\"has-white-color has-text-color\">Des del club volem agra\u00efr la tasca realitzada per Manu en tots els anys que ha estat al club, on ha dirigit equips del f\u00fatbol base amb molt d&#8217;\u00e8xit (ascens de preferent a Nacional, perman\u00e8ncia a Nacional i ascens a la Divisi\u00f3 d&#8217;Honor Juvenil). Finalment, ha arribat a assolir la banqueta del primer equip. Un exemple D&#8217;ADN GRAMA. Molta sort, Manu.<\/p>\n\n\n\n<p class=\"has-white-color has-text-color\"><strong><em>(Castellano)<\/em><\/strong><\/p>\n\n\n\n<p class=\"has-white-color has-text-color\">La Fundaci\u00f3 Esportiva Grama quiere comunicar la destituci\u00f3n de Manu Pel\u00e1ez como t\u00e9cnico del primer equipo masculino de la entidad colomense. Se ha tomado esta decisi\u00f3n despu\u00e9s de que los resultados obtenidos no est\u00e9n siendo los esperados, ya que despu\u00e9s de 17 jornadas ligueras el equipo se sit\u00faa en descenso virtual con 17 puntos en el casillero.<\/p>\n\n\n\n<p class=\"has-white-color has-text-color\">Desde el club agradecemos la labor realizada por Manu en todos los a\u00f1os que ha estado en la entidad, donde ha dirigido equipos del f\u00fatbol base con mucho \u00e9xito (ascenso de preferente a Nacional, permanencia a Nacional y ascenso a la Divisi\u00f3n de Honor Juvenil). Por \u00faltimo, ha llegado a alcanzar el banquillo del primer equipo. Un ejemplo de ADN GRAMA. Mucha suerte, Manu.<\/p>\n","protected":false},"excerpt":{"rendered":"<p>La Fundaci\u00f3 Esportiva Grama vol comunicar la destituci\u00f3 de Manu Pel\u00e1ez com a t\u00e8cnic del primer equip mascul\u00ed de la entitat colomenca. S&#8217;ha pres aquesta decisi\u00f3 despr\u00e9s que els resultats obtinguts no estiguin sent els esperats, ja que despr\u00e9s de 17 jornades de lliga l&#8217;equip se sit\u00faa en descens virtual amb 17 punts al casiller.&nbsp; [&hellip;]<\/p>\n","protected":false},"author":1,"featured_media":31707,"comment_status":"closed","ping_status":"closed","sticky":false,"template":"","format":"standard","meta":{"footnotes":""},"categories":[14,5],"tags":[],"class_list":["post-31706","post","type-post","status-publish","format-standard","has-post-thumbnail","hentry","category-noticies","category-primer-equip"],"_links":{"self":[{"href":"http:\/\/fegrama.cat\/web\/wp-json\/wp\/v2\/posts\/31706","targetHints":{"allow":["GET"]}}],"collection":[{"href":"http:\/\/fegrama.cat\/web\/wp-json\/wp\/v2\/posts"}],"about":[{"href":"http:\/\/fegrama.cat\/web\/wp-json\/wp\/v2\/types\/post"}],"author":[{"embeddable":true,"href":"http:\/\/fegrama.cat\/web\/wp-json\/wp\/v2\/users\/1"}],"replies":[{"embeddable":true,"href":"http:\/\/fegrama.cat\/web\/wp-json\/wp\/v2\/comments?post=31706"}],"version-history":[{"count":3,"href":"http:\/\/fegrama.cat\/web\/wp-json\/wp\/v2\/posts\/31706\/revisions"}],"predecessor-version":[{"id":31710,"href":"http:\/\/fegrama.cat\/web\/wp-json\/wp\/v2\/posts\/31706\/revisions\/31710"}],"wp:featuredmedia":[{"embeddable":true,"href":"http:\/\/fegrama.cat\/web\/wp-json\/wp\/v2\/media\/31707"}],"wp:attachment":[{"href":"http:\/\/fegrama.cat\/web\/wp-json\/wp\/v2\/media?parent=31706"}],"wp:term":[{"taxonomy":"category","embeddable":true,"href":"http:\/\/fegrama.cat\/web\/wp-json\/wp\/v2\/categories?post=31706"},{"taxonomy":"post_tag","embeddable":true,"href":"http:\/\/fegrama.cat\/web\/wp-json\/wp\/v2\/tags?post=31706"}],"curies":[{"name":"wp","href":"https:\/\/api.w.org\/{rel}","templated":true}]}}