{"id":31698,"date":"2023-01-16T00:17:00","date_gmt":"2023-01-15T23:17:00","guid":{"rendered":"http:\/\/fegrama.cat\/web\/?p=31698"},"modified":"2023-01-15T22:18:28","modified_gmt":"2023-01-15T21:18:28","slug":"el-juvenil-a-perd-a-badalona","status":"publish","type":"post","link":"http:\/\/fegrama.cat\/web\/el-juvenil-a-perd-a-badalona\/","title":{"rendered":"El Juvenil A perd a Badalona"},"content":{"rendered":"\n<p class=\"has-white-color has-text-color\">Tocava derbi pels homes de Chesco Rivas, que gaireb\u00e9 un mes despr\u00e9s del darrer partit tornaven a la competici\u00f3 regular a la Divisi\u00f3 d&#8217;Honor Juvenil. Un derbi mai \u00e9s f\u00e0cil, menys encara al camp dels rivals, per\u00f2 l&#8217;equip va fer un bon partit on va mer\u00e8ixer m\u00e9s del que indica el marcador.<\/p>\n\n\n\n<p class=\"has-white-color has-text-color\">Precisament, qui va comen\u00e7ar dominant el partit i gaudint de t\u00edmids apropaments va ser la Grama, que no va ser capa\u00e7 de definir correctament. La m\u00e9s clara la va tindre Stephane en un m\u00e0 a m\u00e0 que no va ser capa\u00e7 de finalitzar entre els 3 pals. Els locals tamb\u00e9 van poder gaudir d&#8217;algun apropament cap a la porteria de Marcos, que es va mostrar for\u00e7a segur.<\/p>\n\n\n\n<p class=\"has-white-color has-text-color\">Al segon temps, els badalonins apretarien una mica m\u00e9s i anotarien el primer gol del partit gr\u00e0cies a una passada al segon pal quan s&#8217;arribava al 65&#8242; de joc. I 7 minuts despr\u00e9s en una jugada similar, arribaria el segon dels locals. Es posava tot molt complicat, per\u00f2 l&#8217;equip va lluitar i al 82&#8242; Pau Garcia marcaria el 2-1 amb una bona rematada de cap a centrada de Serrano. La Grama ho intentaria fins al final i fins i tot es trobaria amb el pal de la porteria local, per\u00f2 finalment el partit va acabar 2-1 favorable als locals.<\/p>\n\n\n\n<p class=\"has-white-color has-text-color\">El Juvenil A jugar\u00e0 aquesta setmana a casa davant la SD Huesca a partir de les 18:00h.<\/p>\n\n\n<div class=\"wp-block-image\">\n<figure class=\"aligncenter size-large is-resized\"><a href=\"http:\/\/fegrama.cat\/web\/wp-content\/uploads\/2023\/01\/IMG_9575-scaled.jpg\"><img loading=\"lazy\" decoding=\"async\" src=\"http:\/\/fegrama.cat\/web\/wp-content\/uploads\/2023\/01\/IMG_9575-1024x768.jpg\" alt=\"\" class=\"wp-image-31700\" width=\"764\" height=\"573\" srcset=\"http:\/\/fegrama.cat\/web\/wp-content\/uploads\/2023\/01\/IMG_9575-1024x768.jpg 1024w, http:\/\/fegrama.cat\/web\/wp-content\/uploads\/2023\/01\/IMG_9575-300x225.jpg 300w, http:\/\/fegrama.cat\/web\/wp-content\/uploads\/2023\/01\/IMG_9575-768x576.jpg 768w, http:\/\/fegrama.cat\/web\/wp-content\/uploads\/2023\/01\/IMG_9575-1536x1152.jpg 1536w, http:\/\/fegrama.cat\/web\/wp-content\/uploads\/2023\/01\/IMG_9575-2048x1536.jpg 2048w, http:\/\/fegrama.cat\/web\/wp-content\/uploads\/2023\/01\/IMG_9575-128x96.jpg 128w, http:\/\/fegrama.cat\/web\/wp-content\/uploads\/2023\/01\/IMG_9575-32x24.jpg 32w\" sizes=\"auto, (max-width: 764px) 100vw, 764px\" \/><\/a><\/figure><\/div>\n\n\n<p class=\"has-white-color has-text-color\">Tocaba derbi por los hombres de Chesco Rivas, que casi un mes despu\u00e9s del \u00faltimo partido volv\u00edan a la competici\u00f3n regular en la Divisi\u00f3n de Honor Juvenil. Un derbi nunca es f\u00e1cil, menos a\u00fan en el campo de los rivales, pero el equipo hizo un buen partido en el que mereci\u00f3 m\u00e1s de lo que indica el marcador.<\/p>\n\n\n\n<p class=\"has-white-color has-text-color\">Precisamente, quien empez\u00f3 dominando el partido y disfrutando de t\u00edmidos acercamientos fue la Grama, que no fue capaz de definir correctamente. La m\u00e1s clara la tuvo Stephane en mano a mano que no fue capaz de finalizar entre los 3 palos. Los locales tambi\u00e9n pudieron disfrutar de alg\u00fan acercamiento hacia la porter\u00eda de Marcos, que se mostr\u00f3 bastante seguro.<\/p>\n\n\n\n<p class=\"has-white-color has-text-color\">En el segundo tiempo, los badaloneses apretar\u00edan un poco m\u00e1s y anotar\u00edan el primer gol del partido gracias a un pase al segundo palo cuando se llegaba al 65&#8242; de juego. Y 7 minutos despu\u00e9s en una jugada similar, llegar\u00eda el segundo de los locales. Se pon\u00eda todo muy complicado, pero el equipo luch\u00f3 y en el 82&#8242; Pau Garcia marcar\u00eda el 2-1 con un buen remate de cabeza a centro de Serrano. La Grama lo intentar\u00eda hasta el final e incluso se encontrar\u00eda con el palo de la porter\u00eda local, pero finalmente el partido termin\u00f3 2-1 favorable a los locales.<\/p>\n\n\n\n<p class=\"has-white-color has-text-color\">El Juvenil A jugar\u00e1 esta semana en casa ante el SD Huesca a partir de las 18:00 h.<\/p>\n","protected":false},"excerpt":{"rendered":"<p>Tocava derbi pels homes de Chesco Rivas, que gaireb\u00e9 un mes despr\u00e9s del darrer partit tornaven a la competici\u00f3 regular a la Divisi\u00f3 d&#8217;Honor Juvenil. Un derbi mai \u00e9s f\u00e0cil, menys encara al camp dels rivals, per\u00f2 l&#8217;equip va fer un bon partit on va mer\u00e8ixer m\u00e9s del que indica el marcador. Precisament, qui va [&hellip;]<\/p>\n","protected":false},"author":1,"featured_media":31701,"comment_status":"closed","ping_status":"closed","sticky":false,"template":"","format":"standard","meta":{"footnotes":""},"categories":[4,6,14],"tags":[],"class_list":["post-31698","post","type-post","status-publish","format-standard","has-post-thumbnail","hentry","category-base-inclusiu","category-juvenils","category-noticies"],"_links":{"self":[{"href":"http:\/\/fegrama.cat\/web\/wp-json\/wp\/v2\/posts\/31698","targetHints":{"allow":["GET"]}}],"collection":[{"href":"http:\/\/fegrama.cat\/web\/wp-json\/wp\/v2\/posts"}],"about":[{"href":"http:\/\/fegrama.cat\/web\/wp-json\/wp\/v2\/types\/post"}],"author":[{"embeddable":true,"href":"http:\/\/fegrama.cat\/web\/wp-json\/wp\/v2\/users\/1"}],"replies":[{"embeddable":true,"href":"http:\/\/fegrama.cat\/web\/wp-json\/wp\/v2\/comments?post=31698"}],"version-history":[{"count":2,"href":"http:\/\/fegrama.cat\/web\/wp-json\/wp\/v2\/posts\/31698\/revisions"}],"predecessor-version":[{"id":31703,"href":"http:\/\/fegrama.cat\/web\/wp-json\/wp\/v2\/posts\/31698\/revisions\/31703"}],"wp:featuredmedia":[{"embeddable":true,"href":"http:\/\/fegrama.cat\/web\/wp-json\/wp\/v2\/media\/31701"}],"wp:attachment":[{"href":"http:\/\/fegrama.cat\/web\/wp-json\/wp\/v2\/media?parent=31698"}],"wp:term":[{"taxonomy":"category","embeddable":true,"href":"http:\/\/fegrama.cat\/web\/wp-json\/wp\/v2\/categories?post=31698"},{"taxonomy":"post_tag","embeddable":true,"href":"http:\/\/fegrama.cat\/web\/wp-json\/wp\/v2\/tags?post=31698"}],"curies":[{"name":"wp","href":"https:\/\/api.w.org\/{rel}","templated":true}]}}