{"id":3168,"date":"2014-04-04T08:54:08","date_gmt":"2014-04-04T06:54:08","guid":{"rendered":"http:\/\/fegrama.cat\/web\/?p=3168"},"modified":"2014-04-03T19:58:02","modified_gmt":"2014-04-03T17:58:02","slug":"el-benjami-d-de-la-fegrama-rebra-al-nou-municipal-de-santa-coloma-a-les-corts-de-barcelona-club-esportiu-sete","status":"publish","type":"post","link":"http:\/\/fegrama.cat\/web\/el-benjami-d-de-la-fegrama-rebra-al-nou-municipal-de-santa-coloma-a-les-corts-de-barcelona-club-esportiu-sete\/","title":{"rendered":"El Benjam\u00ed D de la FEGrama rebr\u00e0 al Nou Municipal de Santa Coloma a Les Corts de Barcelona Club Esportiu, set\u00e8"},"content":{"rendered":"<p style=\"text-align: justify;\">El Benjam\u00ed D de la FEGrama voldr\u00e0 repetir la vict\u00f2ria com la de la jornada passada a casa del Martinenc per 2-5 a la setmana passada.<\/p>\n<p style=\"text-align: justify;\">Aquest \u00e9s el tercer triomf consecutiu despr\u00e8s de guanyar al Barcino i a casa del Tecnofutbol, que fa que el conjunt de la Fundaci\u00f3 Grama es mantengui a la novena posici\u00f3 amb 32 punts a la taula del grup 8.<\/p>\n<p style=\"text-align: justify;\">El conjunt de V\u00edctor D\u00edaz i del seu segon entrenador, Ra\u00fal Ruiz, rebr\u00e0 al Nou Municipal de Santa Coloma a Les Corts de Barcelona Club Esportiu, set\u00e8 amb 44 punts, a la jornada 23 el pr\u00f2xim diumenge 6 d&#8217;abril des de les 8:30 hores.<\/p>\n<p style=\"text-align: justify;\">[divider]<\/p>\n<p style=\"text-align: justify;\">[button color=\u00bbblue\u00bb size=\u00bbsmall\u00bb link=\u00bbhttp:\/\/www.fcf.cat\/pnfg\/NFG_CmpJornada?cod_primaria=1000120&amp;CodCompeticion=18473318&amp;CodGrupo=18680853&amp;CodTemporada=9&amp;CodJornada=10&#8243; target=\u00bbblank\u00bb ]Resultats[\/button]<\/p>\n<p style=\"text-align: justify;\">[button color=\u00bbblue\u00bb size=\u00bbsmall\u00bb link=\u00bbhttp:\/\/www.fcf.cat\/pnfg\/NPcd\/NFG_VisClasificacion?cod_primaria=1000120&amp;codgrupo=18680853&amp;codcompeticion=18473318&#8243; target=\u00bbblank\u00bb ]Classificaci\u00f3[\/button]<\/p>\n<p style=\"text-align: justify;\">El Benjam\u00edn D de la FEGrama querr\u00e1 repetir la victoria como la de la pasada jornada en casa del Martinenc por 2-5 a la semana pasada.<\/p>\n<p style=\"text-align: justify;\">Este es el tercer triunfo consecutivo despu\u00e9s de ganar al Barcino y en casa del Tecnofutbol, que hace que el conjunto de la Fundaci\u00f3n Grama se mantenga en la novena posici\u00f3n con 32 puntos en la tabla del grupo 8.<\/p>\n<p style=\"text-align: justify;\">El conjunto de V\u00edctor D\u00edaz y de su segundo entrenador, Ra\u00fal Ruiz, recibir\u00e1n en el Nou Municipal de Santa Coloma a Las Cortes de Barcelona Club Deportivo, s\u00e9ptimo con 44 puntos, en la jornada 23 el pr\u00f3ximo domingo 6 de abril desde las 8: 30 horas.<\/p>\n<p style=\"text-align: justify;\"><strong>Visca l&#8217;Esperit Grama!!!!<\/strong><\/p>\n","protected":false},"excerpt":{"rendered":"<p>El Benjam\u00ed D de la FEGrama voldr\u00e0 repetir la vict\u00f2ria com la de la jornada passada a casa del Martinenc per 2-5 a la setmana passada. Aquest \u00e9s el tercer triomf consecutiu despr\u00e8s de guanyar al Barcino i a casa del Tecnofutbol, que fa que el conjunt de la Fundaci\u00f3 Grama es mantengui a la [&hellip;]<\/p>\n","protected":false},"author":1,"featured_media":0,"comment_status":"closed","ping_status":"closed","sticky":false,"template":"","format":"standard","meta":{"footnotes":""},"categories":[4,11],"tags":[],"class_list":["post-3168","post","type-post","status-publish","format-standard","hentry","category-base-inclusiu","category-benjamins"],"_links":{"self":[{"href":"http:\/\/fegrama.cat\/web\/wp-json\/wp\/v2\/posts\/3168","targetHints":{"allow":["GET"]}}],"collection":[{"href":"http:\/\/fegrama.cat\/web\/wp-json\/wp\/v2\/posts"}],"about":[{"href":"http:\/\/fegrama.cat\/web\/wp-json\/wp\/v2\/types\/post"}],"author":[{"embeddable":true,"href":"http:\/\/fegrama.cat\/web\/wp-json\/wp\/v2\/users\/1"}],"replies":[{"embeddable":true,"href":"http:\/\/fegrama.cat\/web\/wp-json\/wp\/v2\/comments?post=3168"}],"version-history":[{"count":1,"href":"http:\/\/fegrama.cat\/web\/wp-json\/wp\/v2\/posts\/3168\/revisions"}],"predecessor-version":[{"id":3170,"href":"http:\/\/fegrama.cat\/web\/wp-json\/wp\/v2\/posts\/3168\/revisions\/3170"}],"wp:attachment":[{"href":"http:\/\/fegrama.cat\/web\/wp-json\/wp\/v2\/media?parent=3168"}],"wp:term":[{"taxonomy":"category","embeddable":true,"href":"http:\/\/fegrama.cat\/web\/wp-json\/wp\/v2\/categories?post=3168"},{"taxonomy":"post_tag","embeddable":true,"href":"http:\/\/fegrama.cat\/web\/wp-json\/wp\/v2\/tags?post=3168"}],"curies":[{"name":"wp","href":"https:\/\/api.w.org\/{rel}","templated":true}]}}