{"id":31678,"date":"2023-01-16T10:18:00","date_gmt":"2023-01-16T09:18:00","guid":{"rendered":"http:\/\/fegrama.cat\/web\/?p=31678"},"modified":"2023-01-15T22:24:59","modified_gmt":"2023-01-15T21:24:59","slug":"derrota-amb-un-menys-davant-el-vilassar","status":"publish","type":"post","link":"http:\/\/fegrama.cat\/web\/derrota-amb-un-menys-davant-el-vilassar\/","title":{"rendered":"Derrota amb un menys davant el Vilassar"},"content":{"rendered":"\n<p class=\"has-white-color has-text-color\">Era un partit important i l&#8217;ambient al Nou Municipal de Santa Coloma va ser for\u00e7a bo, per\u00f2 quan les coses no van de cara \u00e9s dif\u00edcil sortir-se&#8217;n de l&#8217;espiral negatiu. Comen\u00e7arien molt b\u00e9 els blaus, generant ocasions de perill constants sobre la porteria que defensava el visitant Andr\u00e9s D\u00edez.<\/p>\n\n\n\n<p class=\"has-white-color has-text-color\">Aquest bon inici no es va traduir en gols als primers minuts de joc. Tot i aix\u00f2, al 25&#8242; arribaria el primer gol de la Fundaci\u00f3 Esportiva Grama. Adri Gimeno va treure&#8217;s de la m\u00e0niga un gran xut des de la frontal de l&#8217;\u00e0rea que es va colar a la porteria local. S&#8217;avan\u00e7arien els colomencs, que uns minuts despr\u00e9s veurien com tot es complicava de manera estrepitosa. Roger Garc\u00eda, que havia rebut una tarjeta groga al minut 37&#8242;, rebria la segona al 42&#8242; despr\u00e9s d&#8217;agafar a un contrari per darrere; pr\u00e8viament, el jugador blau havia vist com no se li xiulava una falta clara. sobre ell<\/p>\n\n\n\n<p class=\"has-white-color has-text-color\">L&#8217;expulsi\u00f3 condicionaria la resta del partit, doncs tota la segona meitat va tindre el mateix gui\u00f3: la Grama, amb un menys, esperaria al darrere els atacs visitants. Al 52&#8242; arribaria el primer gol del Vilassar, que va tindre ocasions per fer el segon, per\u00f2 Guiseris va estar providencial per evitar-ho. No obstant, el club que visitava el Municipal faria el gol de la remontada al 88&#8242; des del punt de penal.<\/p>\n\n\n\n<p class=\"has-white-color has-text-color\">Finalment, derrota de la Fundaci\u00f3 Esportiva Grama en un partit condicionat per la vermella al primer temps. El proper partit de l&#8217;equip ser\u00e0 el diumenge 22\/01 a les 12:00h al camp de la Monta\u00f1esa.<\/p>\n\n\n<div class=\"wp-block-image\">\n<figure class=\"aligncenter size-large\"><a href=\"http:\/\/fegrama.cat\/web\/wp-content\/uploads\/2023\/01\/IMG_9802-scaled.jpg\"><img loading=\"lazy\" decoding=\"async\" width=\"1024\" height=\"768\" src=\"http:\/\/fegrama.cat\/web\/wp-content\/uploads\/2023\/01\/IMG_9802-1024x768.jpg\" alt=\"\" class=\"wp-image-31679\" srcset=\"http:\/\/fegrama.cat\/web\/wp-content\/uploads\/2023\/01\/IMG_9802-1024x768.jpg 1024w, http:\/\/fegrama.cat\/web\/wp-content\/uploads\/2023\/01\/IMG_9802-300x225.jpg 300w, http:\/\/fegrama.cat\/web\/wp-content\/uploads\/2023\/01\/IMG_9802-768x576.jpg 768w, http:\/\/fegrama.cat\/web\/wp-content\/uploads\/2023\/01\/IMG_9802-1536x1152.jpg 1536w, http:\/\/fegrama.cat\/web\/wp-content\/uploads\/2023\/01\/IMG_9802-2048x1536.jpg 2048w, http:\/\/fegrama.cat\/web\/wp-content\/uploads\/2023\/01\/IMG_9802-128x96.jpg 128w, http:\/\/fegrama.cat\/web\/wp-content\/uploads\/2023\/01\/IMG_9802-32x24.jpg 32w\" sizes=\"auto, (max-width: 1024px) 100vw, 1024px\" \/><\/a><\/figure><\/div>\n\n\n<p class=\"has-white-color has-text-color\">Era un partido importante y el ambiente en el Nuevo Municipal de Santa Coloma fue bastante bueno, pero cuando las cosas no van de cara es dif\u00edcil salirse de la espiral negativa. Empezar\u00edan muy bien los azules, generando ocasiones de peligro constantes sobre la porter\u00eda que defend\u00eda el visitante Andr\u00e9s D\u00edez.<\/p>\n\n\n\n<p class=\"has-white-color has-text-color\">Este buen inicio no se tradujo en goles en los primeros minutos de juego. Sin embargo, en el 25&#8242; llegar\u00eda el primer gol de la Fundaci\u00f3n Deportiva Grama. Adri Gimeno sac\u00f3 de la manga un gran disparo desde la frontal del \u00e1rea que se col\u00f3 en la porter\u00eda local. Se adelantar\u00edan los colomenses, que unos minutos despu\u00e9s ver\u00edan c\u00f3mo todo se complicaba de forma estrepitosa. Roger Garc\u00eda, que hab\u00eda recibido una tarjeta amarilla en el minuto 37&#8242;, recibir\u00eda la segunda en el 42&#8242; tras coger a un contrario por detr\u00e1s; previamente, el jugador azul hab\u00eda visto c\u00f3mo no se le silbaba una falta clara cometida sobre \u00e9l.<\/p>\n\n\n\n<p class=\"has-white-color has-text-color\">La expulsi\u00f3n condicionar\u00eda el resto del partido, pues toda la segunda mitad tuvo el mismo gui\u00f3n: la Grama, con uno menos, esperar\u00eda cerrada atr\u00e1s los ataques visitantes. En el 52&#8242; llegar\u00eda el primer gol del Vilassar, que tuvo ocasiones para hacer el segundo, pero Guiseris estuvo providencial para evitarlo. Sin embargo, el club que visitaba el Municipal har\u00eda el gol de la remontada en el 88&#8242; desde el punto de penalti. Un nuevo golpe duro en el tramo final de partido.<\/p>\n\n\n\n<p class=\"has-white-color has-text-color\">Derrota de la Fundaci\u00f3n Esportiva Grama en un partido condicionado por la roja en el primer tiempo. El pr\u00f3ximo partido del equipo ser\u00e1 el domingo 22\/01 a las 12:00 h en el campo de la Monta\u00f1esa.<\/p>\n","protected":false},"excerpt":{"rendered":"<p>Era un partit important i l&#8217;ambient al Nou Municipal de Santa Coloma va ser for\u00e7a bo, per\u00f2 quan les coses no van de cara \u00e9s dif\u00edcil sortir-se&#8217;n de l&#8217;espiral negatiu. Comen\u00e7arien molt b\u00e9 els blaus, generant ocasions de perill constants sobre la porteria que defensava el visitant Andr\u00e9s D\u00edez. Aquest bon inici no es va [&hellip;]<\/p>\n","protected":false},"author":1,"featured_media":31681,"comment_status":"closed","ping_status":"closed","sticky":false,"template":"","format":"standard","meta":{"footnotes":""},"categories":[14,5],"tags":[],"class_list":["post-31678","post","type-post","status-publish","format-standard","has-post-thumbnail","hentry","category-noticies","category-primer-equip"],"_links":{"self":[{"href":"http:\/\/fegrama.cat\/web\/wp-json\/wp\/v2\/posts\/31678","targetHints":{"allow":["GET"]}}],"collection":[{"href":"http:\/\/fegrama.cat\/web\/wp-json\/wp\/v2\/posts"}],"about":[{"href":"http:\/\/fegrama.cat\/web\/wp-json\/wp\/v2\/types\/post"}],"author":[{"embeddable":true,"href":"http:\/\/fegrama.cat\/web\/wp-json\/wp\/v2\/users\/1"}],"replies":[{"embeddable":true,"href":"http:\/\/fegrama.cat\/web\/wp-json\/wp\/v2\/comments?post=31678"}],"version-history":[{"count":2,"href":"http:\/\/fegrama.cat\/web\/wp-json\/wp\/v2\/posts\/31678\/revisions"}],"predecessor-version":[{"id":31683,"href":"http:\/\/fegrama.cat\/web\/wp-json\/wp\/v2\/posts\/31678\/revisions\/31683"}],"wp:featuredmedia":[{"embeddable":true,"href":"http:\/\/fegrama.cat\/web\/wp-json\/wp\/v2\/media\/31681"}],"wp:attachment":[{"href":"http:\/\/fegrama.cat\/web\/wp-json\/wp\/v2\/media?parent=31678"}],"wp:term":[{"taxonomy":"category","embeddable":true,"href":"http:\/\/fegrama.cat\/web\/wp-json\/wp\/v2\/categories?post=31678"},{"taxonomy":"post_tag","embeddable":true,"href":"http:\/\/fegrama.cat\/web\/wp-json\/wp\/v2\/tags?post=31678"}],"curies":[{"name":"wp","href":"https:\/\/api.w.org\/{rel}","templated":true}]}}