{"id":3165,"date":"2014-04-04T08:51:13","date_gmt":"2014-04-04T06:51:13","guid":{"rendered":"http:\/\/fegrama.cat\/web\/?p=3165"},"modified":"2014-04-03T19:54:02","modified_gmt":"2014-04-03T17:54:02","slug":"el-lider-benjami-a-de-la-fegrama-rebra-al-nou-municipal-de-santa-coloma-a-la-montanesa-vuite","status":"publish","type":"post","link":"http:\/\/fegrama.cat\/web\/el-lider-benjami-a-de-la-fegrama-rebra-al-nou-municipal-de-santa-coloma-a-la-montanesa-vuite\/","title":{"rendered":"El l\u00edder Benjam\u00ed A de la FEGrama rebr\u00e0 al Nou Municipal de Santa Coloma a la Monta\u00f1esa, vuit\u00e8"},"content":{"rendered":"<p style=\"text-align: justify;\"><span style=\"color: #000000;\">El l\u00edder del grup 4 el Benjam\u00ed A de la FEGrama voldr\u00e0 repetir la gesta de la golejada de la setmana passada a casa de la Fundaci\u00f3 J\u00fapiter per 0 a 12.<\/span><\/p>\n<p style=\"text-align: justify;\"><span style=\"color: #000000;\">Els entrenats per Eloy Vilaplana s\u00f3n l\u00edders i van sumant 21 vict\u00f2ries i una sola derrota en 22 jornades i amb els 64 punts s\u00f3n 7 de difer\u00e8ncia enfront l&#8217;immediat perseguidor, el Sant Mart\u00ed-Condal.<\/span><\/p>\n<p style=\"text-align: justify;\"><span style=\"color: #000000;\">A la jornada 23, el conjunt de la Fundaci\u00f3 Grama rebr\u00e0 al Nou Municipal de Santa Coloma a la Monta\u00f1esa, vuit\u00e8 amb 35 punts, el diumenge 6 d&#8217;abril a les 10:00 hores.<\/span><\/p>\n<p style=\"text-align: justify;\"><span style=\"color: #000000;\">[divider]<\/span><\/p>\n<p style=\"text-align: justify;\"><span style=\"color: #000000;\">[button color=\u00bbblue\u00bb size=\u00bbsmall\u00bb link=\u00bbhttp:\/\/www.fcf.cat\/pnfg\/NFG_CmpJornada?cod_primaria=1000120&amp;CodCompeticion=18473318&amp;CodGrupo=18680738&amp;CodTemporada=9&amp;CodJornada=10&#8243; target=\u00bbblank\u00bb ]Resultats[\/button]<\/span><\/p>\n<p style=\"text-align: justify;\"><span style=\"color: #000000;\">[button color=\u00bbblue\u00bb size=\u00bbsmall\u00bb link=\u00bbhttp:\/\/www.fcf.cat\/pnfg\/NPcd\/NFG_VisClasificacion?cod_primaria=1000120&amp;codgrupo=18680738&amp;codcompeticion=18473318&#8243; ]Classificaci\u00f3[\/button]<\/span><\/p>\n<p style=\"text-align: justify;\"><span style=\"color: #000000;\">El l\u00edder del grupo 4 el Benjam\u00edn A de la FEGrama querr\u00e1 repetir la haza\u00f1a de la goleada de la semana pasada en casa de la Fundaci\u00f3n J\u00fapiter por 0 a 12.<\/span><\/p>\n<p style=\"text-align: justify;\"><span style=\"color: #000000;\">Los entrenados por Eloy Vilaplana son l\u00edderes y sumando 21 victorias y una sola derrota en 22 jornadas y con los 64 puntos son 7 de diferencia frente al inmediato perseguidor, el iris-Condal.<\/span><\/p>\n<p style=\"text-align: justify;\"><span style=\"color: #000000;\">En la jornada 23, el conjunto de la Fundaci\u00f3n Grama recibir\u00e1 en el Nou Municipal de Santa Coloma a la Monta\u00f1esa, octavo con 35 puntos, el domingo 6 de abril a las 10:00 horas.<\/span><\/p>\n<p style=\"text-align: justify;\"><span style=\"color: #000000;\"><strong>Visca l&#8217;Esperit Grama!!!<\/strong><\/span><\/p>\n","protected":false},"excerpt":{"rendered":"<p>El l\u00edder del grup 4 el Benjam\u00ed A de la FEGrama voldr\u00e0 repetir la gesta de la golejada de la setmana passada a casa de la Fundaci\u00f3 J\u00fapiter per 0 a 12. Els entrenats per Eloy Vilaplana s\u00f3n l\u00edders i van sumant 21 vict\u00f2ries i una sola derrota en 22 jornades i amb els 64 [&hellip;]<\/p>\n","protected":false},"author":1,"featured_media":0,"comment_status":"closed","ping_status":"closed","sticky":false,"template":"","format":"standard","meta":{"footnotes":""},"categories":[4,11],"tags":[],"class_list":["post-3165","post","type-post","status-publish","format-standard","hentry","category-base-inclusiu","category-benjamins"],"_links":{"self":[{"href":"http:\/\/fegrama.cat\/web\/wp-json\/wp\/v2\/posts\/3165","targetHints":{"allow":["GET"]}}],"collection":[{"href":"http:\/\/fegrama.cat\/web\/wp-json\/wp\/v2\/posts"}],"about":[{"href":"http:\/\/fegrama.cat\/web\/wp-json\/wp\/v2\/types\/post"}],"author":[{"embeddable":true,"href":"http:\/\/fegrama.cat\/web\/wp-json\/wp\/v2\/users\/1"}],"replies":[{"embeddable":true,"href":"http:\/\/fegrama.cat\/web\/wp-json\/wp\/v2\/comments?post=3165"}],"version-history":[{"count":1,"href":"http:\/\/fegrama.cat\/web\/wp-json\/wp\/v2\/posts\/3165\/revisions"}],"predecessor-version":[{"id":3167,"href":"http:\/\/fegrama.cat\/web\/wp-json\/wp\/v2\/posts\/3165\/revisions\/3167"}],"wp:attachment":[{"href":"http:\/\/fegrama.cat\/web\/wp-json\/wp\/v2\/media?parent=3165"}],"wp:term":[{"taxonomy":"category","embeddable":true,"href":"http:\/\/fegrama.cat\/web\/wp-json\/wp\/v2\/categories?post=3165"},{"taxonomy":"post_tag","embeddable":true,"href":"http:\/\/fegrama.cat\/web\/wp-json\/wp\/v2\/tags?post=3165"}],"curies":[{"name":"wp","href":"https:\/\/api.w.org\/{rel}","templated":true}]}}