{"id":3162,"date":"2014-04-04T08:48:18","date_gmt":"2014-04-04T06:48:18","guid":{"rendered":"http:\/\/fegrama.cat\/web\/?p=3162"},"modified":"2014-04-03T19:50:58","modified_gmt":"2014-04-03T17:50:58","slug":"el-senior-femeni-de-la-fegrama-viatjaran-dissabte-al-camp-del-liverpool-sise","status":"publish","type":"post","link":"http:\/\/fegrama.cat\/web\/el-senior-femeni-de-la-fegrama-viatjaran-dissabte-al-camp-del-liverpool-sise\/","title":{"rendered":"El S\u00e8nior Femen\u00ed de la FEGrama viatjaran dissabte al camp del Liverpool, sis\u00e8"},"content":{"rendered":"<p style=\"text-align: justify;\"><span style=\"color: #000000;\">El S\u00e8nior Femen\u00ed de la FEGrama dirigit per Rub\u00e9n Hern\u00e1ndez jugar\u00e0 per sumar despr\u00e8s de la derrota a casa del l\u00edder per 0-8 a la setmana passada.<\/span><\/p>\n<p style=\"text-align: justify;\"><span style=\"color: #000000;\">Aquesta quarta derrota seguida fa per\u00f2 que nom\u00e8s es baixi a la novena posici\u00f3 i que valguin encara els 18 punts.<\/span><\/p>\n<p style=\"text-align: justify;\"><span style=\"color: #000000;\">La nota negativa de la jornada va ser la greu lesi\u00f3 de la guardameta de la Fundaci\u00f3 Grama, Irene Troyano, a qui li dessitgem tota la sort del m\u00f3n i una pronta millora.<\/span><\/p>\n<p style=\"text-align: justify;\"><span style=\"color: #000000;\">A la jornada 23, les jugadores de la FEG viatjaran al Municipal Cam\u00ed del Mig del Liverpool, sis\u00e8 classificat amb 32 punts, el pr\u00f2xim dissabte 5 d&#8217;abril des de les 18:00 hores.<\/span><\/p>\n<p style=\"text-align: justify;\"><span style=\"color: #000000;\">[divider]<\/span><\/p>\n<p style=\"text-align: justify;\"><span style=\"color: #000000;\">[button color=\u00bbblue\u00bb size=\u00bbsmall\u00bb link=\u00bbhttp:\/\/www.fcf.cat\/pnfg\/NFG_CmpJornada?cod_primaria=1000120&amp;CodCompeticion=18473330&amp;CodGrupo=18697376&amp;CodTemporada=9&amp;CodJornada=10&#8243; target=\u00bbblank\u00bb ]Resultats[\/button]<\/span><\/p>\n<p style=\"text-align: justify;\"><span style=\"color: #000000;\">[button color=\u00bbblue\u00bb size=\u00bbsmall\u00bb link=\u00bbhttp:\/\/www.fcf.cat\/pnfg\/NPcd\/NFG_VisClasificacion?cod_primaria=1000120&amp;codgrupo=18697376&amp;codcompeticion=18473330&#8243; target=\u00bbblank\u00bb ]Classificaci\u00f3[\/button]<\/span><\/p>\n<p style=\"text-align: justify;\"><span style=\"color: #000000;\">El Senior Femenino de la FEGrama dirigido por Rub\u00e9n Hern\u00e1ndez jugar\u00e1 para sumar despu\u00e9s de la derrota en casa del l\u00edder por 0-8 en la semana pasada.<\/span><\/p>\n<p style=\"text-align: justify;\"><span style=\"color: #000000;\">Esta cuarta derrota seguida hace pero que s\u00f3lo se baje en la novena posici\u00f3n y que valgan a\u00fan los 18 puntos.<\/span><\/p>\n<p style=\"text-align: justify;\"><span style=\"color: #000000;\">La nota negativa de la jornada fue la grave lesi\u00f3n de la guardameta de la Fundaci\u00f3n Grama, Irene Troyano, a quien le deseamos toda la suerte del mundo y una pronta mejora.<\/span><\/p>\n<p style=\"text-align: justify;\"><span style=\"color: #000000;\">En la jornada 23, las jugadoras de la FEG viajar\u00e1n el Municipal Camino del Medio del Liverpool, sexto clasificado con 32 puntos, el pr\u00f3ximo s\u00e1bado 5 de abril desde las 18:00 horas.<\/span><\/p>\n<p style=\"text-align: justify;\"><span style=\"color: #000000;\"><strong>Visca l&#8217;Esperit Grama!!!<\/strong><\/span><\/p>\n","protected":false},"excerpt":{"rendered":"<p>El S\u00e8nior Femen\u00ed de la FEGrama dirigit per Rub\u00e9n Hern\u00e1ndez jugar\u00e0 per sumar despr\u00e8s de la derrota a casa del l\u00edder per 0-8 a la setmana passada. Aquesta quarta derrota seguida fa per\u00f2 que nom\u00e8s es baixi a la novena posici\u00f3 i que valguin encara els 18 punts. La nota negativa de la jornada va [&hellip;]<\/p>\n","protected":false},"author":1,"featured_media":0,"comment_status":"closed","ping_status":"closed","sticky":false,"template":"","format":"standard","meta":{"footnotes":""},"categories":[4,13],"tags":[],"class_list":["post-3162","post","type-post","status-publish","format-standard","hentry","category-base-inclusiu","category-femeni"],"_links":{"self":[{"href":"http:\/\/fegrama.cat\/web\/wp-json\/wp\/v2\/posts\/3162","targetHints":{"allow":["GET"]}}],"collection":[{"href":"http:\/\/fegrama.cat\/web\/wp-json\/wp\/v2\/posts"}],"about":[{"href":"http:\/\/fegrama.cat\/web\/wp-json\/wp\/v2\/types\/post"}],"author":[{"embeddable":true,"href":"http:\/\/fegrama.cat\/web\/wp-json\/wp\/v2\/users\/1"}],"replies":[{"embeddable":true,"href":"http:\/\/fegrama.cat\/web\/wp-json\/wp\/v2\/comments?post=3162"}],"version-history":[{"count":1,"href":"http:\/\/fegrama.cat\/web\/wp-json\/wp\/v2\/posts\/3162\/revisions"}],"predecessor-version":[{"id":3164,"href":"http:\/\/fegrama.cat\/web\/wp-json\/wp\/v2\/posts\/3162\/revisions\/3164"}],"wp:attachment":[{"href":"http:\/\/fegrama.cat\/web\/wp-json\/wp\/v2\/media?parent=3162"}],"wp:term":[{"taxonomy":"category","embeddable":true,"href":"http:\/\/fegrama.cat\/web\/wp-json\/wp\/v2\/categories?post=3162"},{"taxonomy":"post_tag","embeddable":true,"href":"http:\/\/fegrama.cat\/web\/wp-json\/wp\/v2\/tags?post=3162"}],"curies":[{"name":"wp","href":"https:\/\/api.w.org\/{rel}","templated":true}]}}