{"id":3156,"date":"2014-04-04T08:42:35","date_gmt":"2014-04-04T06:42:35","guid":{"rendered":"http:\/\/fegrama.cat\/web\/?p=3156"},"modified":"2014-04-03T19:45:57","modified_gmt":"2014-04-03T17:45:57","slug":"el-lider-prebenjami-a-fegrama-acollira-dissabte-a-la-florida-cinque","status":"publish","type":"post","link":"http:\/\/fegrama.cat\/web\/el-lider-prebenjami-a-fegrama-acollira-dissabte-a-la-florida-cinque\/","title":{"rendered":"El l\u00edder Prebenjam\u00ed A FEGrama acollir\u00e0 dissabte a La Florida, cinqu\u00e8"},"content":{"rendered":"<p style=\"text-align: justify;\"><span style=\"color: #000000;\">El Prebenjam\u00ed A FEGrama seguir\u00e0 una setmana m\u00e9s a la part m\u00e9s alta de la taula d&#8217;aquest grup 19 despr\u00e8s de la vict\u00f2ria la jornada passada a casa de la Escuela Performance, set\u00e8 amb 32 punts, per un rotund 2-7 a la jornada 22.<\/span><\/p>\n<p style=\"text-align: justify;\"><span style=\"color: #000000;\">Els joves jugadors dirigits per Jonathan Serrat, entrenador del Prebenjam\u00ed A FEGrama, van aconseguir aix\u00ed la divuitena vict\u00f2ria de vint partits, encap\u00e7alant el grup 19 amb dos punts sobre l&#8217;immediat perseguidor, l&#8217;Hospitalense.<\/span><\/p>\n<p style=\"text-align: justify;\"><span style=\"color: #000000;\">A la jornada 23, el conjunt de la FEG rebr\u00e0 a La Florida, cinqu\u00e8 classificat amb 42 punts, al Nou Municipal de Santa Coloma, el dissabte 5 d&#8217;abril des de les 12:30 hores.<\/span><\/p>\n<p style=\"text-align: justify;\"><span style=\"color: #000000;\">[divider]<\/span><\/p>\n<p style=\"text-align: justify;\"><span style=\"color: #000000;\">[button color=\u00bbblue\u00bb size=\u00bbsmall\u00bb link=\u00bbhttp:\/\/www.fcf.cat\/pnfg\/NPcd\/NFG_VisClasificacion?cod_primaria=1000120&amp;codgrupo=18700796&amp;codcompeticion=18473321&#8243; target=\u00bbblank\u00bb ]Resultats[\/button]<\/span><\/p>\n<p style=\"text-align: justify;\"><span style=\"color: #000000;\">[button color=\u00bbblue\u00bb size=\u00bbsmall\u00bb link=\u00bbhttp:\/\/www.fcf.cat\/pnfg\/NFG_CmpJornada?cod_primaria=1000120&amp;CodCompeticion=18473321&amp;CodGrupo=18700796&amp;CodTemporada=9&amp;CodJornada=10&#8243; target=\u00bbblank\u00bb ]Classificaci\u00f3[\/button]<\/span><\/p>\n<p style=\"text-align: justify;\"><span style=\"color: #000000;\">El Prebenjam\u00edn A FEGRAM seguir\u00e1 una semana m\u00e1s en la parte m\u00e1s alta de la tabla de este grupo 19 despu\u00e9s de la victoria la pasada jornada en casa de la Escuela Performance, s\u00e9ptimo con 32 puntos, por un rotundo 2-7 en la jornada 22 .<\/span><\/p>\n<p style=\"text-align: justify;\"><span style=\"color: #000000;\">Los j\u00f3venes jugadores dirigidos por Jonathan Serrat, entrenador del Prebenjam\u00edn A FEGrama, lograron as\u00ed la decimoctava victoria de veinte partidos, encabezando el grupo 19 con dos puntos sobre el inmediato perseguidor, el Hospitalense.<\/span><\/p>\n<p style=\"text-align: justify;\"><span style=\"color: #000000;\">En la jornada 23, el conjunto de la FEG recibir\u00e1 en La Florida, quinto clasificado con 42 puntos, en el Nou Municipal de Santa Coloma, el s\u00e1bado 5 de abril desde las 12:30 horas.<\/span><\/p>\n<p style=\"text-align: justify;\"><span style=\"color: #000000;\"><strong>Visca l&#8217;Esperit Grama!!!<\/strong><\/span><\/p>\n","protected":false},"excerpt":{"rendered":"<p>El Prebenjam\u00ed A FEGrama seguir\u00e0 una setmana m\u00e9s a la part m\u00e9s alta de la taula d&#8217;aquest grup 19 despr\u00e8s de la vict\u00f2ria la jornada passada a casa de la Escuela Performance, set\u00e8 amb 32 punts, per un rotund 2-7 a la jornada 22. Els joves jugadors dirigits per Jonathan Serrat, entrenador del Prebenjam\u00ed A [&hellip;]<\/p>\n","protected":false},"author":1,"featured_media":0,"comment_status":"closed","ping_status":"closed","sticky":false,"template":"","format":"standard","meta":{"footnotes":""},"categories":[4,12],"tags":[],"class_list":["post-3156","post","type-post","status-publish","format-standard","hentry","category-base-inclusiu","category-prebenjamins"],"_links":{"self":[{"href":"http:\/\/fegrama.cat\/web\/wp-json\/wp\/v2\/posts\/3156","targetHints":{"allow":["GET"]}}],"collection":[{"href":"http:\/\/fegrama.cat\/web\/wp-json\/wp\/v2\/posts"}],"about":[{"href":"http:\/\/fegrama.cat\/web\/wp-json\/wp\/v2\/types\/post"}],"author":[{"embeddable":true,"href":"http:\/\/fegrama.cat\/web\/wp-json\/wp\/v2\/users\/1"}],"replies":[{"embeddable":true,"href":"http:\/\/fegrama.cat\/web\/wp-json\/wp\/v2\/comments?post=3156"}],"version-history":[{"count":1,"href":"http:\/\/fegrama.cat\/web\/wp-json\/wp\/v2\/posts\/3156\/revisions"}],"predecessor-version":[{"id":3158,"href":"http:\/\/fegrama.cat\/web\/wp-json\/wp\/v2\/posts\/3156\/revisions\/3158"}],"wp:attachment":[{"href":"http:\/\/fegrama.cat\/web\/wp-json\/wp\/v2\/media?parent=3156"}],"wp:term":[{"taxonomy":"category","embeddable":true,"href":"http:\/\/fegrama.cat\/web\/wp-json\/wp\/v2\/categories?post=3156"},{"taxonomy":"post_tag","embeddable":true,"href":"http:\/\/fegrama.cat\/web\/wp-json\/wp\/v2\/tags?post=3156"}],"curies":[{"name":"wp","href":"https:\/\/api.w.org\/{rel}","templated":true}]}}