{"id":3149,"date":"2014-04-04T08:14:28","date_gmt":"2014-04-04T06:14:28","guid":{"rendered":"http:\/\/fegrama.cat\/web\/?p=3149"},"modified":"2014-04-03T19:32:34","modified_gmt":"2014-04-03T17:32:34","slug":"previes-del-5-i-6-dabril-dels-prebenjamins-b-i-c-fegrama-i-escoles-a-i-b-de-la-fegrama","status":"publish","type":"post","link":"http:\/\/fegrama.cat\/web\/previes-del-5-i-6-dabril-dels-prebenjamins-b-i-c-fegrama-i-escoles-a-i-b-de-la-fegrama\/","title":{"rendered":"Pr\u00e8vies del 5 i 6 d&#8217;abril dels Prebenjamins B i C FEGrama i Escoles A i B de la FEGrama"},"content":{"rendered":"<p style=\"text-align: justify;\"><span style=\"color: #000000;\">L&#8217;Escola A FEGrama dirigit per Mart\u00edn encara t\u00e9 pendent el seu partit ajornat al camp del Bufal\u00e0 i voldr\u00e0 recuperar la tend\u00e8ncia positiva despr\u00e8s de la derrota de la setmana passada per 4-0 a casa del Badalona, segon a la classificaci\u00f3. <\/span><\/p>\n<p style=\"text-align: justify;\"><span style=\"color: #000000;\">Els de la Fundaci\u00f3 Esportiva Grama s\u00f3n cinqu\u00e8 amb 38 punts i per augmentar aquesta pla\u00e7a aniran a medir-se a l&#8217;Escola Industrial de la Penya Barcelonista Anguera el dissabte 5 d&#8217;abril des de les 10 hores.<\/span><\/p>\n<p style=\"text-align: justify;\"><span style=\"color: #000000;\"><a href=\"http:\/\/fegrama.cat\/web\/wp-content\/uploads\/2014\/03\/marzo23ESCuelaA.jpg\"><span style=\"color: #000000;\"><img loading=\"lazy\" decoding=\"async\" class=\"aligncenter  wp-image-2963\" alt=\"marzo23ESCuelaA\" src=\"http:\/\/fegrama.cat\/web\/wp-content\/uploads\/2014\/03\/marzo23ESCuelaA.jpg\" width=\"486\" height=\"354\" \/><\/span><\/a><\/span><\/p>\n<p style=\"text-align: justify;\"><span style=\"color: #000000;\">L&#8217;Escola B FEGrama dirigit per Juan Cervantes voldr\u00e0 sumar com a la golejada de la setmana passada per 10 a 0 al Ciutat Meridiana al Nou Municipal.<\/span><\/p>\n<p style=\"text-align: justify;\">\n<p style=\"text-align: justify;\"><span style=\"color: #000000;\">\u00c9s a la tercera posici\u00f3 a la classificaci\u00f3 amb 35 punts.<\/span><\/p>\n<p style=\"text-align: justify;\"><span style=\"color: #000000;\"><br \/>\n<a href=\"http:\/\/fegrama.cat\/web\/wp-content\/uploads\/2014\/03\/marzo30escuB.jpg\"><span style=\"color: #000000;\"><img loading=\"lazy\" decoding=\"async\" class=\"aligncenter  wp-image-3122\" alt=\"marzo30escuB\" src=\"http:\/\/fegrama.cat\/web\/wp-content\/uploads\/2014\/03\/marzo30escuB.jpg\" width=\"515\" height=\"329\" \/><\/span><\/a><\/span><\/p>\n<p style=\"text-align: justify;\"><span style=\"color: #000000;\">\u00a0<a href=\"http:\/\/fegrama.cat\/web\/wp-content\/uploads\/2014\/03\/ESCOLA_presentacio_2013_FUNDACIOGRAMA0461.jpg\"><span style=\"color: #000000;\"><img loading=\"lazy\" decoding=\"async\" class=\"aligncenter size-full wp-image-2964\" alt=\"ESCOLA_presentacio_2013_FUNDACIOGRAMA046\" src=\"http:\/\/fegrama.cat\/web\/wp-content\/uploads\/2014\/03\/ESCOLA_presentacio_2013_FUNDACIOGRAMA0461.jpg\" width=\"640\" height=\"480\" \/><\/span><\/a> <\/span><\/p>\n<p style=\"text-align: justify;\">\n<p style=\"text-align: justify;\"><span style=\"color: #000000;\">El Prebenjam\u00ed C FEGrama dirigit per Marcos D\u00edaz i Bruno Gonz\u00e1lez segueix liderant la taula amb 44 punts, just quan el Mercat Nou Mag\u00f2ria descansa a aquesta jornada 20.<\/span><\/p>\n<p style=\"text-align: justify;\"><span style=\"color: #000000;\">Amb el resultat del Prebenjam\u00ed C FEGrama que va guanyar 8 a 1 a La Salud Pere Gol al Nou Municipal de Santa Coloma, el conjunt de la FEG si guanya aquesta setmana a l&#8217;Arrabal-Calaf Gramenet ser\u00e0 campi\u00f3 de lliga matem\u00e0ticament i despr\u00e8s es comen\u00e7ar\u00e1 la copa.<\/span><\/p>\n<p style=\"text-align: justify;\"><span style=\"color: #000000;\">Aix\u00f2 es disputar\u00e0 el dissabte 5 d&#8217;abril des de les 12:45 hores al Municipal Can Zam 1.<\/span><\/p>\n<p style=\"text-align: justify;\"><span style=\"color: #000000;\">El Prebenjam\u00ed B FEGrama dirigit per Tom\u00e1s Gonz\u00e1lez \u00e9s tercer amb 39 punts i nom\u00e8s a cinc punts dels l\u00edders d&#8217;aquesta jornada 20 de Cadeca despr\u00e8s va v\u00e8ncer per 3-0 el Sant Gabriel Femenino al Nou Municipal de Santa Coloma.<\/span><\/p>\n<p style=\"text-align: justify;\"><span style=\"color: #000000;\">El conjunt de la Fundaci\u00f3 Grama es medir\u00e0 a la Trinidad en el seu Municipal el dissabte 5 d&#8217;abril des de les 9:45 hores.<\/span><\/p>\n<p style=\"text-align: justify;\"><span style=\"color: #000000;\">\u00a0<\/span><\/p>\n<p style=\"text-align: center;\"><span style=\"color: #000000;\"><a href=\"http:\/\/fegrama.cat\/web\/wp-content\/uploads\/2014\/03\/marzo30PreA.jpg\"><img loading=\"lazy\" decoding=\"async\" class=\"aligncenter  wp-image-3121\" alt=\"marzo30PreA\" src=\"http:\/\/fegrama.cat\/web\/wp-content\/uploads\/2014\/03\/marzo30PreA.jpg\" width=\"555\" height=\"388\" \/><\/a><br \/>\n<\/span><\/p>\n<p style=\"text-align: justify;\"><strong><span style=\"color: #000000;\">Visca l&#8217;Esperit Grama!!!<\/span><\/strong><\/p>\n","protected":false},"excerpt":{"rendered":"<p>L&#8217;Escola A FEGrama dirigit per Mart\u00edn encara t\u00e9 pendent el seu partit ajornat al camp del Bufal\u00e0 i voldr\u00e0 recuperar la tend\u00e8ncia positiva despr\u00e8s de la derrota de la setmana passada per 4-0 a casa del Badalona, segon a la classificaci\u00f3. Els de la Fundaci\u00f3 Esportiva Grama s\u00f3n cinqu\u00e8 amb 38 punts i per augmentar [&hellip;]<\/p>\n","protected":false},"author":1,"featured_media":0,"comment_status":"closed","ping_status":"closed","sticky":false,"template":"","format":"standard","meta":{"footnotes":""},"categories":[4,33,12],"tags":[],"class_list":["post-3149","post","type-post","status-publish","format-standard","hentry","category-base-inclusiu","category-escola-diari-feg","category-prebenjamins"],"_links":{"self":[{"href":"http:\/\/fegrama.cat\/web\/wp-json\/wp\/v2\/posts\/3149","targetHints":{"allow":["GET"]}}],"collection":[{"href":"http:\/\/fegrama.cat\/web\/wp-json\/wp\/v2\/posts"}],"about":[{"href":"http:\/\/fegrama.cat\/web\/wp-json\/wp\/v2\/types\/post"}],"author":[{"embeddable":true,"href":"http:\/\/fegrama.cat\/web\/wp-json\/wp\/v2\/users\/1"}],"replies":[{"embeddable":true,"href":"http:\/\/fegrama.cat\/web\/wp-json\/wp\/v2\/comments?post=3149"}],"version-history":[{"count":2,"href":"http:\/\/fegrama.cat\/web\/wp-json\/wp\/v2\/posts\/3149\/revisions"}],"predecessor-version":[{"id":3152,"href":"http:\/\/fegrama.cat\/web\/wp-json\/wp\/v2\/posts\/3149\/revisions\/3152"}],"wp:attachment":[{"href":"http:\/\/fegrama.cat\/web\/wp-json\/wp\/v2\/media?parent=3149"}],"wp:term":[{"taxonomy":"category","embeddable":true,"href":"http:\/\/fegrama.cat\/web\/wp-json\/wp\/v2\/categories?post=3149"},{"taxonomy":"post_tag","embeddable":true,"href":"http:\/\/fegrama.cat\/web\/wp-json\/wp\/v2\/tags?post=3149"}],"curies":[{"name":"wp","href":"https:\/\/api.w.org\/{rel}","templated":true}]}}