{"id":3146,"date":"2014-04-04T08:11:51","date_gmt":"2014-04-04T06:11:51","guid":{"rendered":"http:\/\/fegrama.cat\/web\/?p=3146"},"modified":"2014-04-03T19:14:20","modified_gmt":"2014-04-03T17:14:20","slug":"el-lider-cadet-b-de-la-fegrama-anira-al-complex-esportiu-font-pienc-de-la-escola-guinardo-tercer","status":"publish","type":"post","link":"http:\/\/fegrama.cat\/web\/el-lider-cadet-b-de-la-fegrama-anira-al-complex-esportiu-font-pienc-de-la-escola-guinardo-tercer\/","title":{"rendered":"El l\u00edder Cadet B de la FEGrama anir\u00e0 al Complex Esportiu Font-Pienc de la Escola Guinard\u00f3, tercer"},"content":{"rendered":"<p style=\"text-align: justify;\"><span style=\"color: #000000;\">El Cadet B de la FEGrama voldr\u00e0 repetir un resultat semblat com la golejada a Santa Coloma al Poble Sec per 13-1 de la setmana passada.<\/span><\/p>\n<p style=\"text-align: justify;\"><span style=\"color: #000000;\">El conjunt dirigit per \u00c1lex Abril segueix l\u00edder amb 46 punts i la difer\u00e8ncia amb els dos perseguidors, el Celtic i l&#8217;Escola Guinard\u00f3 es col.loquen a set punts dels de Santa Coloma.<\/span><\/p>\n<p style=\"text-align: justify;\"><span style=\"color: #000000;\">A la jornada seg\u00fcent, la 22, l&#8217;equip de la Fundaci\u00f3 Grama anir\u00e0 al Complex Esportiu Font-Pienc de la Escola Guinard\u00f3, tercer classificat amb 39 punts, el pr\u00f2xim diumenge 6 d&#8217;abril des de les 17:30 hores.<\/span><\/p>\n<p style=\"text-align: justify;\"><span style=\"color: #000000;\">[divider]<\/span><\/p>\n<p style=\"text-align: justify;\"><span style=\"color: #000000;\">[button color=\u00bbblue\u00bb size=\u00bbsmall\u00bb link=\u00bbhttp:\/\/www.fcf.cat\/pnfg\/NFG_CmpJornada?cod_primaria=1000120&amp;CodCompeticion=18473296&amp;CodGrupo=18576519&amp;CodTemporada=9&amp;CodJornada=10&#8243; target=\u00bbblank\u00bb ]Resultats[\/button]<\/span><\/p>\n<p style=\"text-align: justify;\"><span style=\"color: #000000;\">[button color=\u00bbblue\u00bb size=\u00bbsmall\u00bb link=\u00bbhttp:\/\/www.fcf.cat\/pnfg\/NPcd\/NFG_VisClasificacion?cod_primaria=1000120&amp;codgrupo=18576519&amp;codcompeticion=18473296&#8243; target=\u00bbblank\u00bb ]Classificaci\u00f3[\/button]<\/span><\/p>\n<p style=\"text-align: justify;\"><span style=\"color: #000000;\">El Cadete B de la FEGrama querr\u00e1 repetir un resultado parecido como la goleada en Santa Coloma en el Poble Sec por 13-1 de la semana pasada.<\/span><\/p>\n<p style=\"text-align: justify;\"><span style=\"color: #000000;\">El conjunto dirigido por \u00c1lex Abril sigue l\u00edder con 46 puntos y la diferencia con los dos perseguidores, el Celtic y la Escuela Guinard\u00f3 se colocan a siete puntos de los de Santa Coloma.<\/span><\/p>\n<p style=\"text-align: justify;\"><span style=\"color: #000000;\">En la jornada siguiente, la 22, el equipo de la Fundaci\u00f3n Grama ir\u00e1 al Complejo Deportivo Fuente-Pienc de la Escuela Guinard\u00f3, tercer clasificado con 39 puntos, el pr\u00f3ximo domingo 6 de abril desde las 17:30 horas.<\/span><\/p>\n<p style=\"text-align: justify;\"><span style=\"color: #000000;\"><strong>Visca l&#8217;Esperit Grama!!!<\/strong><\/span><\/p>\n","protected":false},"excerpt":{"rendered":"<p>El Cadet B de la FEGrama voldr\u00e0 repetir un resultat semblat com la golejada a Santa Coloma al Poble Sec per 13-1 de la setmana passada. El conjunt dirigit per \u00c1lex Abril segueix l\u00edder amb 46 punts i la difer\u00e8ncia amb els dos perseguidors, el Celtic i l&#8217;Escola Guinard\u00f3 es col.loquen a set punts dels [&hellip;]<\/p>\n","protected":false},"author":1,"featured_media":0,"comment_status":"closed","ping_status":"closed","sticky":false,"template":"","format":"standard","meta":{"footnotes":""},"categories":[4,7],"tags":[],"class_list":["post-3146","post","type-post","status-publish","format-standard","hentry","category-base-inclusiu","category-cadets"],"_links":{"self":[{"href":"http:\/\/fegrama.cat\/web\/wp-json\/wp\/v2\/posts\/3146","targetHints":{"allow":["GET"]}}],"collection":[{"href":"http:\/\/fegrama.cat\/web\/wp-json\/wp\/v2\/posts"}],"about":[{"href":"http:\/\/fegrama.cat\/web\/wp-json\/wp\/v2\/types\/post"}],"author":[{"embeddable":true,"href":"http:\/\/fegrama.cat\/web\/wp-json\/wp\/v2\/users\/1"}],"replies":[{"embeddable":true,"href":"http:\/\/fegrama.cat\/web\/wp-json\/wp\/v2\/comments?post=3146"}],"version-history":[{"count":1,"href":"http:\/\/fegrama.cat\/web\/wp-json\/wp\/v2\/posts\/3146\/revisions"}],"predecessor-version":[{"id":3148,"href":"http:\/\/fegrama.cat\/web\/wp-json\/wp\/v2\/posts\/3146\/revisions\/3148"}],"wp:attachment":[{"href":"http:\/\/fegrama.cat\/web\/wp-json\/wp\/v2\/media?parent=3146"}],"wp:term":[{"taxonomy":"category","embeddable":true,"href":"http:\/\/fegrama.cat\/web\/wp-json\/wp\/v2\/categories?post=3146"},{"taxonomy":"post_tag","embeddable":true,"href":"http:\/\/fegrama.cat\/web\/wp-json\/wp\/v2\/tags?post=3146"}],"curies":[{"name":"wp","href":"https:\/\/api.w.org\/{rel}","templated":true}]}}