{"id":31429,"date":"2022-12-19T16:07:16","date_gmt":"2022-12-19T15:07:16","guid":{"rendered":"http:\/\/fegrama.cat\/web\/?p=31429"},"modified":"2022-12-19T16:26:38","modified_gmt":"2022-12-19T15:26:38","slug":"un-gol-a-lultim-minut-frustra-lesforc-de-la-grama-3-2","status":"publish","type":"post","link":"http:\/\/fegrama.cat\/web\/un-gol-a-lultim-minut-frustra-lesforc-de-la-grama-3-2\/","title":{"rendered":"Un gol a l&#8217;\u00faltim minut frustra l&#8217;esfor\u00e7 de la Grama (3-2)"},"content":{"rendered":"\n<p>De vegades, al futbol 2+2 no s\u00f3n 4. I aix\u00f2 ha estat aix\u00ed durant molts trams de la primera volta, on el futbol no ha estat just amb l&#8217;equip de Manu Pel\u00e1ez, un fet que s&#8217;ha tornat a repetir al darrer duel de l&#8217;any 2022.<\/p>\n\n\n\n<p>Visitava la Grama al Sant Andreu en una matinal freda al Narc\u00eds Sala, lloc on l&#8217;equip buscaria sumar els \u00faltims 3 punts de la primera volta davant un dels conjunts amb m\u00e9s pressupost de la categoria. L&#8217;inici va ser for\u00e7a bo, per\u00f2 un error puntual va tornar a condemnar a l&#8217;equip, doncs al 19&#8242; s&#8217;avan\u00e7arien els locals. I cinc minuts despr\u00e9s, cauria el segon. <\/p>\n\n\n\n<p>Tot i aquests dos cops durs, els de Manu Pel\u00e1ez van lluitar i al 43&#8242;, Roger Garcia anotaria un gran gol de falta per escur\u00e7ar dist\u00e0ncies. Seria el propi Roger qui nom\u00e9s dos minuts m\u00e9s tard, igualaria el partit abans del descans amb un xut sec que es va colar per l&#8217;escaire andreuenc. El \u00ab14\u00bb de la Grama va treure les teranyines fins a dos cops i s&#8217;arribaria al descans amb empat a 2.<\/p>\n\n\n\n<p>A la segona meitat, l&#8217;equip va competir for\u00e7a b\u00e9, anul\u00b7lant en moltes fases als locals i disposant d&#8217;alguna ocasi\u00f3 de perill, com la de Rolo al 67&#8242; que va haver d&#8217;aturar el porter local. No obstant, i ja en temps afegit (95&#8242;), l&#8217;\u00e0rbitre assenyalaria penal i segona groga per Juan Carlos, que no podr\u00e0 jugar el partit davant l&#8217;Hospitalet. Manu no va poder aturar el xut de Josu des dels onze metres i, poc temps despr\u00e9s, s&#8217;acabaria el partit amb aquest dur final pels colomencs. El proper partit ser\u00e0 el dia 8 de gener a les 12:00h davamt el CE Hospitalet.<\/p>\n\n\n\n<p><strong>Fitxa t\u00e8cnica:<\/strong><\/p>\n\n\n\n<p><strong>UE Sant Andreu (3)<\/strong>: Jaime, M\u00e9ndez (Cargol, 64\u2032), Vives, Casti, Gen\u00eds, Guzm\u00e1n, Iker Garcia (Pugi, 80\u2032), Carre\u00f3n, Pochito (Morer, 68\u2032), Josu i Fassani (Arranz, 80\u2032)<\/p>\n\n\n\n<p><strong>FE Grama (2)<\/strong>: Manu Mart\u00edn, Juan Carlos, Trilla, Gimeno, Montalb\u00e1n, Escarrabill, Roger Garcia (Mike Cevallos, 80\u2032), Guillem (Rolo, 46\u2019), Juste (Guiteras, 56\u2019), Torreblanca (Antonicelli, 46\u2019) i Joan Gual (Cifu, 46\u2019).<\/p>\n\n\n\n<p><strong>Gols<\/strong>: <strong>1-0<\/strong> Iker Garcia (20\u2019), <strong>2-0<\/strong> Gen\u00eds (24\u2019), <strong>2-1<\/strong> Roger Garcia (44\u2019), <strong>2-2 <\/strong>Roger Garcia (45\u2019), <strong>3-2<\/strong> Josu -Penal- (95\u2032).<\/p>\n\n\n\n<p><strong>\u00c0rbitre<\/strong>: Bernat Pedrol Vozmediano (Barcelona). Ha amonestat Guzm\u00e1n, Sergi Vives, M\u00e9ndez i Morer pels locals i Guillem, Juste i Juan Carlos pels visitants. Ha expulsat Juan Calors (95\u2032) per doble groga.<\/p>\n\n\n\n<figure class=\"wp-block-image size-large\"><img loading=\"lazy\" decoding=\"async\" width=\"1024\" height=\"683\" src=\"http:\/\/fegrama.cat\/web\/wp-content\/uploads\/2022\/12\/Equipo-1024x683.jpg\" alt=\"\" class=\"wp-image-31430\" srcset=\"http:\/\/fegrama.cat\/web\/wp-content\/uploads\/2022\/12\/Equipo-1024x683.jpg 1024w, http:\/\/fegrama.cat\/web\/wp-content\/uploads\/2022\/12\/Equipo-300x200.jpg 300w, http:\/\/fegrama.cat\/web\/wp-content\/uploads\/2022\/12\/Equipo-768x512.jpg 768w, http:\/\/fegrama.cat\/web\/wp-content\/uploads\/2022\/12\/Equipo-1536x1024.jpg 1536w, http:\/\/fegrama.cat\/web\/wp-content\/uploads\/2022\/12\/Equipo-2048x1365.jpg 2048w\" sizes=\"auto, (max-width: 1024px) 100vw, 1024px\" \/><\/figure>\n\n\n\n<p>A veces, en el f\u00fatbol 2+2 no son 4. Y esto ha sido as\u00ed durante muchos tramos de la primera vuelta, donde el f\u00fatbol no ha sido justo con el equipo de <strong>Manu Pel\u00e1ez<\/strong>, algo que se ha vuelto a repetir en el \u00faltimo duelo del a\u00f1o 2022.<\/p>\n\n\n\n<p>Visitaba la <strong>Grama <\/strong>al <strong>Sant Andreu<\/strong> en una matinal fr\u00eda en el Narc\u00eds Sala, lugar donde el equipo buscar\u00eda sumar los \u00faltimos 3 puntos de la primera vuelta ante uno de los conjuntos con mayor presupuesto de la categor\u00eda. El inicio fue bastante bueno, pero un error puntual volvi\u00f3 a condenar al equipo, pues en el 19&#8242; se adelantar\u00edan los locales. Y cinco minutos despu\u00e9s, caer\u00eda el segundo.<\/p>\n\n\n\n<p>Pese a estos dos duros golpes, los de <strong>Manu Pel\u00e1ez<\/strong> lucharon y en el 43&#8242;, <strong>Roger Garcia<\/strong> anotar\u00eda un gran gol de falta para acortar distancias. Ser\u00eda el propio <strong>Roger <\/strong>qui\u00e9n s\u00f3lo dos minutos m\u00e1s tarde, igualar\u00eda el partido antes del descanso con un disparo seco que se col\u00f3 por la <strong>escuadra <\/strong>local. El \u00ab14\u00bb de la Grama sac\u00f3 las telara\u00f1as de la porter\u00eda hasta en dos ocasiones y se llegar\u00eda al descanso con empate a 2.<\/p>\n\n\n\n<p>En la segunda mitad, el equipo compiti\u00f3 bastante bien, anulando en muchas fases a los locales y disponiendo de alguna ocasi\u00f3n de peligro, como la de <strong>Rolo <\/strong>en el 67&#8242; que tuvo que detener el guardameta local. Sin embargo, y ya en tiempo a\u00f1adido (95&#8242;), el \u00e1rbitro se\u00f1alar\u00eda penalti y segunda amarilla para <strong>Juan Carlos<\/strong>, que no podr\u00e1 jugar el partido ante L&#8217;Hospitalet. <strong>Manu <\/strong>no pudo detener el disparo de <strong>Josu <\/strong>desde los once metros y, poco tiempo despu\u00e9s, se acabar\u00eda el partido con ese duro final por los colomenses. El pr\u00f3ximo partido ser\u00e1 el d\u00eda 8 de enero a las 12:00 h ante el <strong>CE Hospitalet<\/strong>.<\/p>\n\n\n\n<p><strong>Ficha t\u00e9cnica:<\/strong><\/p>\n\n\n\n<p><strong>UE Sant Andreu (3)<\/strong>: Jaime, M\u00e9ndez (Cargol, 64\u2032), Vives, Casti, Gen\u00eds, Guzm\u00e1n, Iker Garcia (Pugi, 80\u2032), Carre\u00f3n, Pochito (Morer, 68\u2032), Josu y Fassani (Arranz, 80\u2032)<\/p>\n\n\n\n<p><strong>FE Grama (2)<\/strong>: Manu Mart\u00edn, Juan Carlos, Trilla, Adri Gimeno, Montalb\u00e1n, Escarrabill, Roger Garcia (Mike Cevallos, 80\u2032), Guillem (Rolo, 46\u2019), Juste (Guiteras, 56\u2019), Torreblanca (Antonicelli, 46\u2019) y Joan Gual (Cifu, 46\u2019).<\/p>\n\n\n\n<p><strong>Goles<\/strong>: <strong>1-0<\/strong> Iker Garcia (20\u2019), <strong>2-0<\/strong> Gen\u00eds (24\u2019), <strong>2-1<\/strong> Roger Garcia (44\u2019), <strong>2-2 <\/strong>Roger Garcia (45\u2019), <strong>3-2<\/strong> Josu -Penalti- (95\u2032).<\/p>\n\n\n\n<p><strong>\u00c1rbitro<\/strong>: Bernat Pedrol Vozmediano (Barcelona). Ha amonestado a Guzm\u00e1n, Sergi Vives, M\u00e9ndez y Morer por parte local y Guillem, Juste y Juan Carlos por parte visitante. Ha expulsado a Juan Calors (95\u2032) por doble amarilla.<\/p>\n","protected":false},"excerpt":{"rendered":"<p>De vegades, al futbol 2+2 no s\u00f3n 4. I aix\u00f2 ha estat aix\u00ed durant molts trams de la primera volta, on el futbol no ha estat just amb l&#8217;equip de Manu Pel\u00e1ez, un fet que s&#8217;ha tornat a repetir al darrer duel de l&#8217;any 2022. Visitava la Grama al Sant Andreu en una matinal freda [&hellip;]<\/p>\n","protected":false},"author":1,"featured_media":31430,"comment_status":"closed","ping_status":"closed","sticky":false,"template":"","format":"standard","meta":{"footnotes":""},"categories":[14,5],"tags":[],"class_list":["post-31429","post","type-post","status-publish","format-standard","has-post-thumbnail","hentry","category-noticies","category-primer-equip"],"_links":{"self":[{"href":"http:\/\/fegrama.cat\/web\/wp-json\/wp\/v2\/posts\/31429","targetHints":{"allow":["GET"]}}],"collection":[{"href":"http:\/\/fegrama.cat\/web\/wp-json\/wp\/v2\/posts"}],"about":[{"href":"http:\/\/fegrama.cat\/web\/wp-json\/wp\/v2\/types\/post"}],"author":[{"embeddable":true,"href":"http:\/\/fegrama.cat\/web\/wp-json\/wp\/v2\/users\/1"}],"replies":[{"embeddable":true,"href":"http:\/\/fegrama.cat\/web\/wp-json\/wp\/v2\/comments?post=31429"}],"version-history":[{"count":1,"href":"http:\/\/fegrama.cat\/web\/wp-json\/wp\/v2\/posts\/31429\/revisions"}],"predecessor-version":[{"id":31431,"href":"http:\/\/fegrama.cat\/web\/wp-json\/wp\/v2\/posts\/31429\/revisions\/31431"}],"wp:featuredmedia":[{"embeddable":true,"href":"http:\/\/fegrama.cat\/web\/wp-json\/wp\/v2\/media\/31430"}],"wp:attachment":[{"href":"http:\/\/fegrama.cat\/web\/wp-json\/wp\/v2\/media?parent=31429"}],"wp:term":[{"taxonomy":"category","embeddable":true,"href":"http:\/\/fegrama.cat\/web\/wp-json\/wp\/v2\/categories?post=31429"},{"taxonomy":"post_tag","embeddable":true,"href":"http:\/\/fegrama.cat\/web\/wp-json\/wp\/v2\/tags?post=31429"}],"curies":[{"name":"wp","href":"https:\/\/api.w.org\/{rel}","templated":true}]}}