{"id":31424,"date":"2022-12-15T11:48:43","date_gmt":"2022-12-15T10:48:43","guid":{"rendered":"http:\/\/fegrama.cat\/web\/?p=31424"},"modified":"2022-12-15T12:31:29","modified_gmt":"2022-12-15T11:31:29","slug":"relleu-a-la-banqueta-del-juvenil-a","status":"publish","type":"post","link":"http:\/\/fegrama.cat\/web\/relleu-a-la-banqueta-del-juvenil-a\/","title":{"rendered":"Relleu a la banqueta del Juvenil A"},"content":{"rendered":"\n<p>La <strong>Fundaci\u00f3 Esportiva Grama<\/strong> ha decidit fer un canvi a la banqueta del Juvenil A, amb la intenci\u00f3 de capgirar la din\u00e0mica de l&#8217;equip a la Divisi\u00f3 D&#8217;Honor Juvenil.<\/p>\n\n\n\n<p><strong>Christian Rueda<\/strong> no seguir\u00e0 al capdavant del Juvenil A. El club ha pr\u00e8s aquesta decisi\u00f3 tenint en compte els resultats obtinguts fins a la data i buscant millorar per aconseguir la salvaci\u00f3 a la m\u00e0xima categoria Juvenil.<\/p>\n\n\n\n<p>Per a substituir-lo arriba <strong>Chesco<\/strong>, que ja ha realitzat l&#8217;entrenament de dimarts amb l&#8217;equip i que afrontar\u00e0 el primer partit com a t\u00e8cnic aquest dissabte a les 18:30h davant la Damm. El seu segon ser\u00e0 <strong>Alberto Gonz\u00e1lez<\/strong>.<\/p>\n\n\n\n<p><em>Des de la Fundaci\u00f3 Esportiva Grama volem donar les gr\u00e0cies per la tasca realitzada en aquests mesos i desitjar-li tota la sort a Christian Rueda en els seus futurs reptes professionals.<\/em><\/p>\n\n\n\n<figure class=\"wp-block-image size-large\"><img loading=\"lazy\" decoding=\"async\" width=\"1024\" height=\"683\" src=\"https:\/\/fegrama.cat\/web\/wp-content\/uploads\/2022\/12\/IMG_0375-1024x683.jpg\" alt=\"\" class=\"wp-image-31425\" srcset=\"http:\/\/fegrama.cat\/web\/wp-content\/uploads\/2022\/12\/IMG_0375-1024x683.jpg 1024w, http:\/\/fegrama.cat\/web\/wp-content\/uploads\/2022\/12\/IMG_0375-300x200.jpg 300w, http:\/\/fegrama.cat\/web\/wp-content\/uploads\/2022\/12\/IMG_0375-768x512.jpg 768w, http:\/\/fegrama.cat\/web\/wp-content\/uploads\/2022\/12\/IMG_0375-1536x1024.jpg 1536w, http:\/\/fegrama.cat\/web\/wp-content\/uploads\/2022\/12\/IMG_0375-2048x1365.jpg 2048w\" sizes=\"auto, (max-width: 1024px) 100vw, 1024px\" \/><\/figure>\n\n\n\n<p>La <strong>Fundaci\u00f3 Esportiva Grama<\/strong> ha decidido realizar un cambio en el banquillo del Juvenil A, con la intenci\u00f3n de dar la vuelta a la din\u00e1mica del equipo en la Divisi\u00f3n de Honor Juvenil.<\/p>\n\n\n\n<p><strong>Christian Rueda<\/strong> no seguir\u00e1 al frente del Juvenil A. El club ha tomado esta decisi\u00f3n teniendo en cuenta los resultados obtenidos hasta la fecha y buscando mejorar para conseguir la salvaci\u00f3n en la m\u00e1xima categor\u00eda Juvenil.<\/p>\n\n\n\n<p>Para sustituirle llega <strong>Chesco<\/strong>, que ya ha realizado el entrenamiento del martes con el equipo y que afrontar\u00e1 el primer partido como t\u00e9cnico este s\u00e1bado a las 18:30h ante la Damm. Su segundo ser\u00e1 <strong>Alberto Gonz\u00e1lez.<\/strong><\/p>\n\n\n\n<p>Desde la Fundaci\u00f3 Esportiva Grama queremos dar las gracias por la labor realizada estos meses y desearle toda la suerte a <strong>Christian Rueda<\/strong> en sus futuros retos profesionales.<\/p>\n","protected":false},"excerpt":{"rendered":"<p>La Fundaci\u00f3 Esportiva Grama ha decidit fer un canvi a la banqueta del Juvenil A, amb la intenci\u00f3 de capgirar la din\u00e0mica de l&#8217;equip a la Divisi\u00f3 D&#8217;Honor Juvenil. Christian Rueda no seguir\u00e0 al capdavant del Juvenil A. El club ha pr\u00e8s aquesta decisi\u00f3 tenint en compte els resultats obtinguts fins a la data i [&hellip;]<\/p>\n","protected":false},"author":8,"featured_media":31425,"comment_status":"closed","ping_status":"closed","sticky":false,"template":"","format":"standard","meta":{"footnotes":""},"categories":[4,6,14],"tags":[],"class_list":["post-31424","post","type-post","status-publish","format-standard","has-post-thumbnail","hentry","category-base-inclusiu","category-juvenils","category-noticies"],"_links":{"self":[{"href":"http:\/\/fegrama.cat\/web\/wp-json\/wp\/v2\/posts\/31424","targetHints":{"allow":["GET"]}}],"collection":[{"href":"http:\/\/fegrama.cat\/web\/wp-json\/wp\/v2\/posts"}],"about":[{"href":"http:\/\/fegrama.cat\/web\/wp-json\/wp\/v2\/types\/post"}],"author":[{"embeddable":true,"href":"http:\/\/fegrama.cat\/web\/wp-json\/wp\/v2\/users\/8"}],"replies":[{"embeddable":true,"href":"http:\/\/fegrama.cat\/web\/wp-json\/wp\/v2\/comments?post=31424"}],"version-history":[{"count":2,"href":"http:\/\/fegrama.cat\/web\/wp-json\/wp\/v2\/posts\/31424\/revisions"}],"predecessor-version":[{"id":31428,"href":"http:\/\/fegrama.cat\/web\/wp-json\/wp\/v2\/posts\/31424\/revisions\/31428"}],"wp:featuredmedia":[{"embeddable":true,"href":"http:\/\/fegrama.cat\/web\/wp-json\/wp\/v2\/media\/31425"}],"wp:attachment":[{"href":"http:\/\/fegrama.cat\/web\/wp-json\/wp\/v2\/media?parent=31424"}],"wp:term":[{"taxonomy":"category","embeddable":true,"href":"http:\/\/fegrama.cat\/web\/wp-json\/wp\/v2\/categories?post=31424"},{"taxonomy":"post_tag","embeddable":true,"href":"http:\/\/fegrama.cat\/web\/wp-json\/wp\/v2\/tags?post=31424"}],"curies":[{"name":"wp","href":"https:\/\/api.w.org\/{rel}","templated":true}]}}