{"id":31419,"date":"2022-12-14T15:37:30","date_gmt":"2022-12-14T14:37:30","guid":{"rendered":"http:\/\/fegrama.cat\/web\/?p=31419"},"modified":"2022-12-14T15:45:39","modified_gmt":"2022-12-14T14:45:39","slug":"trobada-entre-antigues-glories-del-futbol-catala","status":"publish","type":"post","link":"http:\/\/fegrama.cat\/web\/trobada-entre-antigues-glories-del-futbol-catala\/","title":{"rendered":"Trobada entre antigues gl\u00f2ries del futbol catal\u00e0"},"content":{"rendered":"\n<p>Aquesta passada setmana, es van reunir antigues persones rellevants del m\u00f3n del \u00b4futbol catal\u00e0, entre les que es troba el president de la <strong>Fundaci\u00f3 Esportiva Grama.<\/strong> Antigues gl\u00f2ries de l&#8217;esport rei.<\/p>\n\n\n\n<p>Com es pot apreciar a la imatge, hi van assistir les seg\u00fcents persones: <strong><em>Jim\u00e9nez, Roki, Samper, Ferran, Monti, Pepin, Genis, Cejudo, Luque, Manolo, Jose Manuel i S\u00e1nchez, a m\u00e9s d&#8217;Antonio Morales.<\/em><\/strong> Una c\u00e0lida trobada entre persones i amics que ha deixat amb el pas del temps el futbol, que com tenim a la Grama, \u00e9s m\u00e9s que un esport.<\/p>\n\n\n\n<figure class=\"wp-block-image size-large\"><img loading=\"lazy\" decoding=\"async\" width=\"1024\" height=\"522\" src=\"http:\/\/fegrama.cat\/web\/wp-content\/uploads\/2022\/12\/Imagen-de-WhatsApp-2022-12-13-a-las-17.37.17-1024x522.jpg\" alt=\"\" class=\"wp-image-31420\" srcset=\"http:\/\/fegrama.cat\/web\/wp-content\/uploads\/2022\/12\/Imagen-de-WhatsApp-2022-12-13-a-las-17.37.17-1024x522.jpg 1024w, http:\/\/fegrama.cat\/web\/wp-content\/uploads\/2022\/12\/Imagen-de-WhatsApp-2022-12-13-a-las-17.37.17-300x153.jpg 300w, http:\/\/fegrama.cat\/web\/wp-content\/uploads\/2022\/12\/Imagen-de-WhatsApp-2022-12-13-a-las-17.37.17-768x391.jpg 768w, http:\/\/fegrama.cat\/web\/wp-content\/uploads\/2022\/12\/Imagen-de-WhatsApp-2022-12-13-a-las-17.37.17-1536x782.jpg 1536w, http:\/\/fegrama.cat\/web\/wp-content\/uploads\/2022\/12\/Imagen-de-WhatsApp-2022-12-13-a-las-17.37.17.jpg 1600w\" sizes=\"auto, (max-width: 1024px) 100vw, 1024px\" \/><\/figure>\n\n\n\n<p>Esta pasada semana, se reunieron antiguas personas relevantes del mundo del f\u00fatbol catal\u00e1n, entre las que se encuentra el presidente de la Fundaci\u00f3 Esportiva Grama. Viejas glorias del deporte rey en nuestro pa\u00eds.<\/p>\n\n\n\n<p>Como puede apreciarse en la imagen, asistieron las siguientes personas: <em><strong>Jim\u00e9nez, Roki, Samper, Ferran, Monti, Pepin, Genis, Cejudo, Luque, Manolo, Jose Manuel y S\u00e1nchez, adem\u00e1s de Antonio Morales.<\/strong><\/em> Un c\u00e1lido encuentro entre personas y amigos que ha dejado con el paso del tiempo el f\u00fatbol, \u200b\u200bque como entendemos en la Grama, es algo m\u00e1s que un deporte.<\/p>\n","protected":false},"excerpt":{"rendered":"<p>Aquesta passada setmana, es van reunir antigues persones rellevants del m\u00f3n del \u00b4futbol catal\u00e0, entre les que es troba el president de la Fundaci\u00f3 Esportiva Grama. Antigues gl\u00f2ries de l&#8217;esport rei. Com es pot apreciar a la imatge, hi van assistir les seg\u00fcents persones: Jim\u00e9nez, Roki, Samper, Ferran, Monti, Pepin, Genis, Cejudo, Luque, Manolo, Jose [&hellip;]<\/p>\n","protected":false},"author":1,"featured_media":31420,"comment_status":"closed","ping_status":"closed","sticky":false,"template":"","format":"standard","meta":{"footnotes":""},"categories":[14],"tags":[],"class_list":["post-31419","post","type-post","status-publish","format-standard","has-post-thumbnail","hentry","category-noticies"],"_links":{"self":[{"href":"http:\/\/fegrama.cat\/web\/wp-json\/wp\/v2\/posts\/31419","targetHints":{"allow":["GET"]}}],"collection":[{"href":"http:\/\/fegrama.cat\/web\/wp-json\/wp\/v2\/posts"}],"about":[{"href":"http:\/\/fegrama.cat\/web\/wp-json\/wp\/v2\/types\/post"}],"author":[{"embeddable":true,"href":"http:\/\/fegrama.cat\/web\/wp-json\/wp\/v2\/users\/1"}],"replies":[{"embeddable":true,"href":"http:\/\/fegrama.cat\/web\/wp-json\/wp\/v2\/comments?post=31419"}],"version-history":[{"count":1,"href":"http:\/\/fegrama.cat\/web\/wp-json\/wp\/v2\/posts\/31419\/revisions"}],"predecessor-version":[{"id":31422,"href":"http:\/\/fegrama.cat\/web\/wp-json\/wp\/v2\/posts\/31419\/revisions\/31422"}],"wp:featuredmedia":[{"embeddable":true,"href":"http:\/\/fegrama.cat\/web\/wp-json\/wp\/v2\/media\/31420"}],"wp:attachment":[{"href":"http:\/\/fegrama.cat\/web\/wp-json\/wp\/v2\/media?parent=31419"}],"wp:term":[{"taxonomy":"category","embeddable":true,"href":"http:\/\/fegrama.cat\/web\/wp-json\/wp\/v2\/categories?post=31419"},{"taxonomy":"post_tag","embeddable":true,"href":"http:\/\/fegrama.cat\/web\/wp-json\/wp\/v2\/tags?post=31419"}],"curies":[{"name":"wp","href":"https:\/\/api.w.org\/{rel}","templated":true}]}}