{"id":31411,"date":"2022-12-12T19:07:47","date_gmt":"2022-12-12T18:07:47","guid":{"rendered":"http:\/\/fegrama.cat\/web\/?p=31411"},"modified":"2022-12-13T22:16:23","modified_gmt":"2022-12-13T21:16:23","slug":"joan-soteras-assisteix-al-partit-davant-el-badalona","status":"publish","type":"post","link":"http:\/\/fegrama.cat\/web\/joan-soteras-assisteix-al-partit-davant-el-badalona\/","title":{"rendered":"Joan Soteras assisteix al partit davant el Badalona"},"content":{"rendered":"\n<p>El president de la Federaci\u00f3 Catalana de F\u00fatbol, <strong>Joan Soteras<\/strong>, va visitar la llotja del Nou Municipal de Santa Coloma per veure el partit davant el Badalona, que va acabar amb vict\u00f2ria colomenca.<\/p>\n\n\n\n<p><strong>Antonio Morales<\/strong>, amb els m\u00e9s de 46 anys en actiu al m\u00f3n del futbol catal\u00e0, t\u00e9 un reconeixement d&#8217;amistat amb el president de la <strong>Federaci\u00f3<\/strong>. No tothom ha dedicat tant de temps a primera l\u00ednia durant tants anys. <\/p>\n\n\n\n<p>Un cop m\u00e9s i ja han estat diferents presidents, s&#8217;ha reconegut la tasca esportiva i social -la qual va m\u00e9s enll\u00e0 del futbol- que desenvolupa la Fundaci\u00f3 Esportiva Grama -i abans la UDA Gramenet- amb les diferents Juntes Directives encap\u00e7alades per <strong>Antonio Morales<\/strong>. <\/p>\n\n\n\n<p>A m\u00e9s de Joan Soteras, a la llotja tamb\u00e9 van estar les seg\u00fcents persones:<\/p>\n\n\n\n<ul class=\"wp-block-list\"><li>Bel\u00e9n Moreno (regidora de Santa Coloma)<\/li><li>Rodri (representant del CF Badalona)<\/li><li>Tom\u00e1s Fern\u00e1ndez (president de FavGram)<\/li><li>Federico Llobet (president de Tusgsal)<\/li><li>Altres personalitats del m\u00f3n empresarial.<\/li><\/ul>\n\n\n\n<figure class=\"wp-block-image\"><img decoding=\"async\" src=\"https:\/\/pbs.twimg.com\/media\/FjtJc7zX0AIjFXb?format=jpg&amp;name=large\" alt=\"Imatge\"\/><figcaption>Imatge de la llotja al partit davant el Badalona.<\/figcaption><\/figure>\n\n\n\n<p>El presidente de la Federaci\u00f3n Catalana de F\u00fatbol visit\u00f3 el palco de autoridades del <strong>Nuevo Municipal de Santa Coloma<\/strong> para ver el partido ante el Badalona, que finaliz\u00f3 con victoria de los nuestros.<\/p>\n\n\n\n<p><strong>Antonio Morales<\/strong>, con sus m\u00e1s de 46 a\u00f1os en activo en el mundo del f\u00fatbol catal\u00e1n, tiene un reconocimiento de amistad con el presidente de la Federaci\u00f3n. No todo el mundo ha dedicado tanto tiempo a primera l\u00ednea durante tantos a\u00f1os.<\/p>\n\n\n\n<p>Una vez m\u00e1s y ya han sido diferentes presidentes, se ha reconocido la labor deportiva y social -la cual va m\u00e1s all\u00e1 del f\u00fatbol- que desarrolla la Fundaci\u00f3 Esportiva Grama -y antes la UDA Gramenet- con las diferentes Juntas Directivas encabezadas por Antonio Morales.<\/p>\n\n\n\n<p>Adem\u00e1s de <strong>Joan Soteras<\/strong>, en el palco tambi\u00e9n estuvieron las siguientes personas:<\/p>\n\n\n\n<ul class=\"wp-block-list\"><li>Bel\u00e9n Moreno (regidora de Santa Coloma)<\/li><li>Rodri (representante del CF Badalona)<\/li><li>Tom\u00e1s Fern\u00e1ndez (presidente de FavGram)<\/li><li>Federico Llobet (presidente de Tusgsal)<\/li><li>Otras personalidades del mundo empresarial.<\/li><\/ul>\n","protected":false},"excerpt":{"rendered":"<p>El president de la Federaci\u00f3 Catalana de F\u00fatbol, Joan Soteras, va visitar la llotja del Nou Municipal de Santa Coloma per veure el partit davant el Badalona, que va acabar amb vict\u00f2ria colomenca. Antonio Morales, amb els m\u00e9s de 46 anys en actiu al m\u00f3n del futbol catal\u00e0, t\u00e9 un reconeixement d&#8217;amistat amb el president [&hellip;]<\/p>\n","protected":false},"author":8,"featured_media":31413,"comment_status":"closed","ping_status":"closed","sticky":false,"template":"","format":"standard","meta":{"footnotes":""},"categories":[14,15],"tags":[],"class_list":["post-31411","post","type-post","status-publish","format-standard","has-post-thumbnail","hentry","category-noticies","category-noticies-destacades"],"_links":{"self":[{"href":"http:\/\/fegrama.cat\/web\/wp-json\/wp\/v2\/posts\/31411","targetHints":{"allow":["GET"]}}],"collection":[{"href":"http:\/\/fegrama.cat\/web\/wp-json\/wp\/v2\/posts"}],"about":[{"href":"http:\/\/fegrama.cat\/web\/wp-json\/wp\/v2\/types\/post"}],"author":[{"embeddable":true,"href":"http:\/\/fegrama.cat\/web\/wp-json\/wp\/v2\/users\/8"}],"replies":[{"embeddable":true,"href":"http:\/\/fegrama.cat\/web\/wp-json\/wp\/v2\/comments?post=31411"}],"version-history":[{"count":3,"href":"http:\/\/fegrama.cat\/web\/wp-json\/wp\/v2\/posts\/31411\/revisions"}],"predecessor-version":[{"id":31417,"href":"http:\/\/fegrama.cat\/web\/wp-json\/wp\/v2\/posts\/31411\/revisions\/31417"}],"wp:featuredmedia":[{"embeddable":true,"href":"http:\/\/fegrama.cat\/web\/wp-json\/wp\/v2\/media\/31413"}],"wp:attachment":[{"href":"http:\/\/fegrama.cat\/web\/wp-json\/wp\/v2\/media?parent=31411"}],"wp:term":[{"taxonomy":"category","embeddable":true,"href":"http:\/\/fegrama.cat\/web\/wp-json\/wp\/v2\/categories?post=31411"},{"taxonomy":"post_tag","embeddable":true,"href":"http:\/\/fegrama.cat\/web\/wp-json\/wp\/v2\/tags?post=31411"}],"curies":[{"name":"wp","href":"https:\/\/api.w.org\/{rel}","templated":true}]}}