{"id":31404,"date":"2022-12-12T17:43:37","date_gmt":"2022-12-12T16:43:37","guid":{"rendered":"http:\/\/fegrama.cat\/web\/?p=31404"},"modified":"2022-12-12T17:43:38","modified_gmt":"2022-12-12T16:43:38","slug":"el-derbi-es-queda-a-santa-coloma-1-0","status":"publish","type":"post","link":"http:\/\/fegrama.cat\/web\/el-derbi-es-queda-a-santa-coloma-1-0\/","title":{"rendered":"El derbi es queda a Santa Coloma! (1-0)"},"content":{"rendered":"\n<p>Un solitari gol de <strong>Guillem Trilla<\/strong> a la sortida d&#8217;un servei de cantonada fa esclatar l&#8217;alegria al Nou Municipal, que va viure una gran vict\u00f2ria en la matinal de diumenge.<\/p>\n\n\n\n<p>Era un duel clau i aix\u00ed ho van enfocar els nois de Manu Pel\u00e1ez, que van sortir endollats al partit. De fet, als primers segons de joc ja va arribar la primera: <strong>Froi Leal<\/strong> -porter visitant- va haver de treure la pilota quan anava directa a l&#8217;interior de la xarxa. Posteriorment, l&#8217;equip ho va seguir intentant amb xuts llunyans que no van trobar porteria. La possessi\u00f3 era blava i s&#8217;arribaria al descans amb el 0 a 0 inicial.<\/p>\n\n\n\n<p>Es tornava a la gespa del Nou Municipal de Santa Coloma i no va haver temps ni de seure al seient. Al 49&#8242; de joc, <strong>Trilla <\/strong>va rematar una gran centrada de <strong>Roger Garcia<\/strong> i l&#8217;associaci\u00f3 va tornar a apar\u00e8ixer per posar la pilota al fons de la xarxa. El defensa, amb 5 gols al seu casiller personal, \u00e9s el m\u00e0xim golejador de l&#8217;equip. A partir d&#8217;aquesta diana, els blaus van aconseguir defensar el resultat, anulant per complert als jugadors m\u00e9s ofensius del Badalona i fent aix\u00ed que el partit acab\u00e9s amb 1 a 0 a l&#8217;electr\u00f2nic.<\/p>\n\n\n\n<p>Gr\u00e0cies a aquesta vict\u00f2ria, l&#8217;equip agafa oxigen i se situa en 11\u00aa posici\u00f3 amb 17 punts al grup V de Tercera Federaci\u00f3. Abans de l&#8217;aturada nadalenca, la <strong>Fundaci\u00f3 Esportiva Grama<\/strong> visitar\u00e0 la <strong>UE Sant Andreu<\/strong> al Narc\u00eds Sala, en un partit que es jugar\u00e0 el proper diumenge 18 de desembre a les 12:00h.<\/p>\n\n\n\n<figure class=\"wp-block-image size-large\"><img loading=\"lazy\" decoding=\"async\" width=\"1024\" height=\"768\" src=\"http:\/\/fegrama.cat\/web\/wp-content\/uploads\/2022\/12\/20221211_114346-1024x768.jpg\" alt=\"\" class=\"wp-image-31405\" srcset=\"http:\/\/fegrama.cat\/web\/wp-content\/uploads\/2022\/12\/20221211_114346-1024x768.jpg 1024w, http:\/\/fegrama.cat\/web\/wp-content\/uploads\/2022\/12\/20221211_114346-300x225.jpg 300w, http:\/\/fegrama.cat\/web\/wp-content\/uploads\/2022\/12\/20221211_114346-768x576.jpg 768w, http:\/\/fegrama.cat\/web\/wp-content\/uploads\/2022\/12\/20221211_114346-1536x1152.jpg 1536w, http:\/\/fegrama.cat\/web\/wp-content\/uploads\/2022\/12\/20221211_114346-2048x1536.jpg 2048w\" sizes=\"auto, (max-width: 1024px) 100vw, 1024px\" \/><\/figure>\n\n\n\n<p>Un solitario gol de <strong>Guillem Trilla<\/strong> a la salida de un saque de esquina hace estallar la alegr\u00eda en el Nou Municipal, que vivi\u00f3 una gran victoria en la matinal del domingo.<\/p>\n\n\n\n<p>Era un duelo clave y as\u00ed lo enfocaron los chicos de Manu Pel\u00e1ez, que salieron enchufados al partido. De hecho, en los primeros segundos de juego ya lleg\u00f3 la primera: <strong>Froi Leal<\/strong> -portero visitante- tuvo que sacar el bal\u00f3n cuando iba directo al interior de la red. Posteriormente, el equipo lo sigui\u00f3 intentando con disparos lejanos que no encontraron porter\u00eda. La posesi\u00f3n era azul y se llegar\u00eda al descanso con el 0 a 0 inicial.<\/p>\n\n\n\n<p>Se volv\u00eda al c\u00e9sped del Nuevo Municipal de Santa Coloma y no hubo tiempo ni de sentarse en el asiento. En el 49&#8242; de juego, <strong>Trilla<\/strong> remat\u00f3 un gran centro de <strong>Roger Garc\u00eda<\/strong> y la asociaci\u00f3n volvi\u00f3 a aparecer para poner el bal\u00f3n en el fondo de la red. El defensa, con 5 goles en su casillero personal, es el m\u00e1ximo goleador del equipo. A partir de este tanto, los azules consiguieron defender el resultado, anulando por completo a los jugadores m\u00e1s ofensivos del <strong>Badalona <\/strong>y haciendo as\u00ed que el partido acabara con 1 a 0 en el electr\u00f3nico.<\/p>\n\n\n\n<p>Gracias a esta victoria, el equipo toma ox\u00edgeno y se sit\u00faa en 11\u00aa posici\u00f3n con 17 puntos en el grupo V de Tercera Federaci\u00f3n. Antes del par\u00f3n navide\u00f1o, la <strong>Fundaci\u00f3 Esportiva Grama<\/strong> visitar\u00e1 la <strong>UE Sant Andreu<\/strong> en el Narc\u00eds Sala, en un partido que se jugar\u00e1 el pr\u00f3ximo domingo 18 de diciembre a las 12:00h.<\/p>\n","protected":false},"excerpt":{"rendered":"<p>Un solitari gol de Guillem Trilla a la sortida d&#8217;un servei de cantonada fa esclatar l&#8217;alegria al Nou Municipal, que va viure una gran vict\u00f2ria en la matinal de diumenge. Era un duel clau i aix\u00ed ho van enfocar els nois de Manu Pel\u00e1ez, que van sortir endollats al partit. De fet, als primers segons [&hellip;]<\/p>\n","protected":false},"author":8,"featured_media":31406,"comment_status":"closed","ping_status":"closed","sticky":false,"template":"","format":"standard","meta":{"footnotes":""},"categories":[14,5],"tags":[],"class_list":["post-31404","post","type-post","status-publish","format-standard","has-post-thumbnail","hentry","category-noticies","category-primer-equip"],"_links":{"self":[{"href":"http:\/\/fegrama.cat\/web\/wp-json\/wp\/v2\/posts\/31404","targetHints":{"allow":["GET"]}}],"collection":[{"href":"http:\/\/fegrama.cat\/web\/wp-json\/wp\/v2\/posts"}],"about":[{"href":"http:\/\/fegrama.cat\/web\/wp-json\/wp\/v2\/types\/post"}],"author":[{"embeddable":true,"href":"http:\/\/fegrama.cat\/web\/wp-json\/wp\/v2\/users\/8"}],"replies":[{"embeddable":true,"href":"http:\/\/fegrama.cat\/web\/wp-json\/wp\/v2\/comments?post=31404"}],"version-history":[{"count":2,"href":"http:\/\/fegrama.cat\/web\/wp-json\/wp\/v2\/posts\/31404\/revisions"}],"predecessor-version":[{"id":31410,"href":"http:\/\/fegrama.cat\/web\/wp-json\/wp\/v2\/posts\/31404\/revisions\/31410"}],"wp:featuredmedia":[{"embeddable":true,"href":"http:\/\/fegrama.cat\/web\/wp-json\/wp\/v2\/media\/31406"}],"wp:attachment":[{"href":"http:\/\/fegrama.cat\/web\/wp-json\/wp\/v2\/media?parent=31404"}],"wp:term":[{"taxonomy":"category","embeddable":true,"href":"http:\/\/fegrama.cat\/web\/wp-json\/wp\/v2\/categories?post=31404"},{"taxonomy":"post_tag","embeddable":true,"href":"http:\/\/fegrama.cat\/web\/wp-json\/wp\/v2\/tags?post=31404"}],"curies":[{"name":"wp","href":"https:\/\/api.w.org\/{rel}","templated":true}]}}