{"id":31386,"date":"2022-12-03T18:59:41","date_gmt":"2022-12-03T17:59:41","guid":{"rendered":"http:\/\/fegrama.cat\/web\/?p=31386"},"modified":"2022-12-11T22:59:19","modified_gmt":"2022-12-11T21:59:19","slug":"lesforc-del-juvenil-a-no-troba-premi-a-girona-2-0","status":"publish","type":"post","link":"http:\/\/fegrama.cat\/web\/lesforc-del-juvenil-a-no-troba-premi-a-girona-2-0\/","title":{"rendered":"L&#8217;esfor\u00e7 del Juvenil A no troba premi a Girona (2-0)"},"content":{"rendered":"\n<p>Els homes de <strong>Christian Rueda<\/strong> es despla\u00e7aven fins a Vilablareix per disputar la 13\u00aa jornada de la Divisi\u00f3 d&#8217;Honor Juvenil. All\u00e0 els esperava el <strong>Girona FC<\/strong>, un equip amb molta qualitat i dif\u00edcil de superar. Val a dir que el partit va haver de retrassar-se fins a 45 minuts, degut a una incid\u00e8ncia vi\u00e0ria a l&#8217;AP-7 que va impedir als blaus arribar a l&#8217;hora prevista.<\/p>\n\n\n\n<p>Poc abans de la 13:15h, l&#8217;\u00e0rbitre indicava l&#8217;inici del partit, que seria for\u00e7a igualat al llarg dels 90 minuts. De fet, aquesta igualtat ja es va palpar des dels primers instants, per\u00f2 els locals van aconseguir avan\u00e7ar-se massa d&#8217;hora. <strong>Almena <\/strong>va golpejar des de fora de l&#8217;\u00e0rea i la pilota va rebotar en el defensa de la <strong>Grama<\/strong>; <strong>Mario <\/strong>no va poder fer res per evitar el primer.<\/p>\n\n\n\n<p>Tot i aquest cop dur al minut 6 de joc, els de <strong>Christian Rueda<\/strong> van saber reaccionar i no li van perdre en cap moment la cara al partit. Abans d&#8217;arribar el descans, els blaus van poder, fins i tot, fer el gol de la igualada, per\u00f2 no ho van aconseguir. Precisament, al 36&#8242; va arribar la m\u00e9s clara, quan una bona recuperaci\u00f3 a l&#8217;\u00e0rea rival va permetre que <strong>Rierola <\/strong>golpej\u00e9s a boca de gol; lamentablement, la pilota va marxar fregant el pal de la porteria local.<\/p>\n\n\n\n<p>Entrada la segona meitat, tot seguia igual. Cap dels dos equips aconseguia generar gaire perill, exceptuant accions a\u00efllades. Fins que al 67&#8242;, de nou <strong>Almena <\/strong>i aquest cop amb una gran jugada individual, va fer el segon i definitiu gol. Als darrers minuts, la Grama ho va intentar, per\u00f3 no va trobar el premi del gol.<\/p>\n\n\n\n<figure class=\"wp-block-image size-large\"><img loading=\"lazy\" decoding=\"async\" width=\"1024\" height=\"575\" src=\"https:\/\/fegrama.cat\/web\/wp-content\/uploads\/2022\/12\/IMG-20221203-WA0035-1024x575.jpg\" alt=\"\" class=\"wp-image-31387\" srcset=\"http:\/\/fegrama.cat\/web\/wp-content\/uploads\/2022\/12\/IMG-20221203-WA0035-1024x575.jpg 1024w, http:\/\/fegrama.cat\/web\/wp-content\/uploads\/2022\/12\/IMG-20221203-WA0035-300x168.jpg 300w, http:\/\/fegrama.cat\/web\/wp-content\/uploads\/2022\/12\/IMG-20221203-WA0035-768x431.jpg 768w, http:\/\/fegrama.cat\/web\/wp-content\/uploads\/2022\/12\/IMG-20221203-WA0035-1536x862.jpg 1536w, http:\/\/fegrama.cat\/web\/wp-content\/uploads\/2022\/12\/IMG-20221203-WA0035.jpg 1600w\" sizes=\"auto, (max-width: 1024px) 100vw, 1024px\" \/><\/figure>\n\n\n\n<p>Los hombres de <strong>Christian Rueda<\/strong> se desplazaban hasta Vilablareix para disputar la 13\u00aa jornada de la <strong>Divisi\u00f3n de Honor Juvenil.<\/strong> All\u00ed les esperaba el <strong>Girona FC<\/strong>, un equipo con mucha calidad y dif\u00edcil de superar. Cabe destacar que el partido tuvo que retrasarse hasta 45 minutos, debido a una incidencia vial en la AP-7 que impidi\u00f3 a los azules llegar a la hora prevista.<\/p>\n\n\n\n<p>Poco antes de la 13:15h, el \u00e1rbitro indicaba el inicio del partido, que ser\u00eda bastante igualado a lo largo de los 90 minutos. De hecho, esa igualdad ya se palp\u00f3 desde los primeros instantes, pero los locales lograron adelantarse demasiado temprano. <strong>Almena<\/strong> golpe\u00f3 desde fuera del \u00e1rea y el bal\u00f3n rebot\u00f3 en el defensa de la <strong>Grama<\/strong>; <strong>Mario <\/strong>no pudo hacer nada por evitar el primero cuando se cumpl\u00eda el 6&#8242;.<\/p>\n\n\n\n<p>A pesar de este duro golpe en el minuto 6 de juego, los de <strong>Christian Rueda <\/strong>supieron reaccionar y no le perdieron en ning\u00fan momento la cara al partido. Antes de llegar el descanso, los azules pudieron incluso marcar el gol de la igualada, pero no lo consiguieron. Precisamente, en el 36&#8242; lleg\u00f3 la m\u00e1s clara, cuando una buena recuperaci\u00f3n en el \u00e1rea rival permiti\u00f3 que <strong>Rierola<\/strong> golpeara a boca de gol; lamentablemente, el bal\u00f3n se march\u00f3 rozando el palo de la porter\u00eda local.<\/p>\n\n\n\n<p>Entrada la segunda mitad, todo segu\u00eda igual. Ninguno de los dos equipos consegu\u00eda generar demasiado peligro, exceptuando acciones aisladas. Hasta que en el 67&#8242;, de nuevo <strong>Almena<\/strong> y esta vez con una gran jugada individual, marc\u00f3 el segundo y definitivo gol. En los \u00faltimos minutos, la <strong>Grama<\/strong> lo intent\u00f3, pero no encontr\u00f3 el premio del gol.<\/p>\n","protected":false},"excerpt":{"rendered":"<p>Els homes de Christian Rueda es despla\u00e7aven fins a Vilablareix per disputar la 13\u00aa jornada de la Divisi\u00f3 d&#8217;Honor Juvenil. All\u00e0 els esperava el Girona FC, un equip amb molta qualitat i dif\u00edcil de superar. Val a dir que el partit va haver de retrassar-se fins a 45 minuts, degut a una incid\u00e8ncia vi\u00e0ria a [&hellip;]<\/p>\n","protected":false},"author":8,"featured_media":31387,"comment_status":"closed","ping_status":"closed","sticky":false,"template":"","format":"standard","meta":{"footnotes":""},"categories":[4,6,14],"tags":[],"class_list":["post-31386","post","type-post","status-publish","format-standard","has-post-thumbnail","hentry","category-base-inclusiu","category-juvenils","category-noticies"],"_links":{"self":[{"href":"http:\/\/fegrama.cat\/web\/wp-json\/wp\/v2\/posts\/31386","targetHints":{"allow":["GET"]}}],"collection":[{"href":"http:\/\/fegrama.cat\/web\/wp-json\/wp\/v2\/posts"}],"about":[{"href":"http:\/\/fegrama.cat\/web\/wp-json\/wp\/v2\/types\/post"}],"author":[{"embeddable":true,"href":"http:\/\/fegrama.cat\/web\/wp-json\/wp\/v2\/users\/8"}],"replies":[{"embeddable":true,"href":"http:\/\/fegrama.cat\/web\/wp-json\/wp\/v2\/comments?post=31386"}],"version-history":[{"count":2,"href":"http:\/\/fegrama.cat\/web\/wp-json\/wp\/v2\/posts\/31386\/revisions"}],"predecessor-version":[{"id":31390,"href":"http:\/\/fegrama.cat\/web\/wp-json\/wp\/v2\/posts\/31386\/revisions\/31390"}],"wp:featuredmedia":[{"embeddable":true,"href":"http:\/\/fegrama.cat\/web\/wp-json\/wp\/v2\/media\/31387"}],"wp:attachment":[{"href":"http:\/\/fegrama.cat\/web\/wp-json\/wp\/v2\/media?parent=31386"}],"wp:term":[{"taxonomy":"category","embeddable":true,"href":"http:\/\/fegrama.cat\/web\/wp-json\/wp\/v2\/categories?post=31386"},{"taxonomy":"post_tag","embeddable":true,"href":"http:\/\/fegrama.cat\/web\/wp-json\/wp\/v2\/tags?post=31386"}],"curies":[{"name":"wp","href":"https:\/\/api.w.org\/{rel}","templated":true}]}}