{"id":31376,"date":"2022-11-29T13:10:27","date_gmt":"2022-11-29T12:10:27","guid":{"rendered":"http:\/\/fegrama.cat\/web\/?p=31376"},"modified":"2022-11-29T13:10:28","modified_gmt":"2022-11-29T12:10:28","slug":"linfantil-d-continuara-treballant-per-poder-quedar-entre-els-primers","status":"publish","type":"post","link":"http:\/\/fegrama.cat\/web\/linfantil-d-continuara-treballant-per-poder-quedar-entre-els-primers\/","title":{"rendered":"L&#8217;Infantil \u00abD\u00bb continuar\u00e0 treballant per poder quedar entre els primers!"},"content":{"rendered":"\n<p><strong>Infantil \u201cD\u201d 1 &#8211; Sant Andreu 4\u00a0<\/strong><\/p>\n\n\n\n<p>Un partit molt igualat en el qual per falta d&#8217;un error de comunicaci\u00f3 entre defensa i porter els nostres fiquen un gol en pr\u00f2pia.<br><br>A pesar que l&#8217;equip intenta seguir, l&#8217;\u00e0nim va caient i s\u00f3n uns minuts intensos que gr\u00e0cies a la bona defensa que es va tenir es va poder mantenir el 0 a 1 fins al final de la primera part.<br><br>En la segona part, van venir els altres gols dels contraris, on els nostres intenten tenir el cap a dalt per a continuar cap endavant lluitant sense parar.<br><br>Fa mal haver perdut aquest partit perqu\u00e8 la\u00a0Grama\u00a0s&#8217;hauria col\u00b7locat tercera, per\u00f2 cal continuar creixent i creient!<\/p>\n\n\n\n<hr class=\"wp-block-separator\"\/>\n\n\n\n<p><strong>Infantil \u201cD\u201d 1 &#8211; Sant Andreu 4&nbsp;<\/strong><\/p>\n\n\n\n<p>Un partido muy igualado en el que por falta de un error de comunicaci\u00f3n entre defensa y portero los nuestros meten un gol en propia.<\/p>\n\n\n\n<p>A pesar de que el equipo intenta seguir, el \u00e1nimo va cayendo y son unos minutos intensos que gracias a la buena defensa que se tuvo se pudo mantener el 0 a 1 hasta el final de la primera parte.<\/p>\n\n\n\n<p>En la segunda parte, vinieron los dem\u00e1s goles de los contrarios, d\u00f3nde los nuestros intentan tener la cabeza arriba para seguir hacia delante luchando sin parar.&nbsp;<\/p>\n\n\n\n<p>Duele haber perdido este partido porque la Grama se hubiera colocado tercera, \u00a1pero hay que seguir creciendo y creyendo!<\/p>\n","protected":false},"excerpt":{"rendered":"<p>Infantil \u201cD\u201d 1 &#8211; Sant Andreu 4\u00a0 Un partit molt igualat en el qual per falta d&#8217;un error de comunicaci\u00f3 entre defensa i porter els nostres fiquen un gol en pr\u00f2pia. A pesar que l&#8217;equip intenta seguir, l&#8217;\u00e0nim va caient i s\u00f3n uns minuts intensos que gr\u00e0cies a la bona defensa que es va tenir [&hellip;]<\/p>\n","protected":false},"author":1,"featured_media":31241,"comment_status":"closed","ping_status":"closed","sticky":false,"template":"","format":"standard","meta":{"footnotes":""},"categories":[4,9],"tags":[],"class_list":["post-31376","post","type-post","status-publish","format-standard","has-post-thumbnail","hentry","category-base-inclusiu","category-infantils"],"_links":{"self":[{"href":"http:\/\/fegrama.cat\/web\/wp-json\/wp\/v2\/posts\/31376","targetHints":{"allow":["GET"]}}],"collection":[{"href":"http:\/\/fegrama.cat\/web\/wp-json\/wp\/v2\/posts"}],"about":[{"href":"http:\/\/fegrama.cat\/web\/wp-json\/wp\/v2\/types\/post"}],"author":[{"embeddable":true,"href":"http:\/\/fegrama.cat\/web\/wp-json\/wp\/v2\/users\/1"}],"replies":[{"embeddable":true,"href":"http:\/\/fegrama.cat\/web\/wp-json\/wp\/v2\/comments?post=31376"}],"version-history":[{"count":1,"href":"http:\/\/fegrama.cat\/web\/wp-json\/wp\/v2\/posts\/31376\/revisions"}],"predecessor-version":[{"id":31377,"href":"http:\/\/fegrama.cat\/web\/wp-json\/wp\/v2\/posts\/31376\/revisions\/31377"}],"wp:featuredmedia":[{"embeddable":true,"href":"http:\/\/fegrama.cat\/web\/wp-json\/wp\/v2\/media\/31241"}],"wp:attachment":[{"href":"http:\/\/fegrama.cat\/web\/wp-json\/wp\/v2\/media?parent=31376"}],"wp:term":[{"taxonomy":"category","embeddable":true,"href":"http:\/\/fegrama.cat\/web\/wp-json\/wp\/v2\/categories?post=31376"},{"taxonomy":"post_tag","embeddable":true,"href":"http:\/\/fegrama.cat\/web\/wp-json\/wp\/v2\/tags?post=31376"}],"curies":[{"name":"wp","href":"https:\/\/api.w.org\/{rel}","templated":true}]}}