{"id":31370,"date":"2022-11-28T23:19:31","date_gmt":"2022-11-28T22:19:31","guid":{"rendered":"http:\/\/fegrama.cat\/web\/?p=31370"},"modified":"2022-11-28T23:19:32","modified_gmt":"2022-11-28T22:19:32","slug":"els-nostres-petits-de-cadeca-ho-continuen-donant-tot","status":"publish","type":"post","link":"http:\/\/fegrama.cat\/web\/els-nostres-petits-de-cadeca-ho-continuen-donant-tot\/","title":{"rendered":"Els nostres petits de Cadeca ho continuen donant tot!"},"content":{"rendered":"\n<p><strong>Escola \u201cA\u201d 2 &#8211; Lloreda 1<\/strong><br><br>Per part de nostra\u00a0Escuelita\u00a0va guanyar 2 a 1 al\u00a0Lloreda. Un bon partit de la\u00a0Grama\u00a0que es va jugar d&#8217;igual a igual, vivint molt\u00edssima emoci\u00f3 i gaudint al 100%!<br><br>Es continua millorant partit a partit partint de les bases com el respecte i la unitat \ud83d\udcaa\u26bd\ufe0f<\/p>\n\n\n\n<hr class=\"wp-block-separator\"\/>\n\n\n\n<p><strong>Escuela \u201cA\u201d 2 &#8211; Lloreda 1<\/strong><\/p>\n\n\n\n<p>Por parte de nuestra Escuelita gan\u00f3 2 a 1 al Lloreda. Un buen partido de la Grama que se jug\u00f3 de igual a igual, viviendo much\u00edsima emoci\u00f3n \u00a1y disfrutando al 100%!<\/p>\n\n\n\n<p>Se sigue mejorando partido a partido partiendo de las bases como el respeto y la unidad \ud83d\udcaa\u26bd\ufe0f<\/p>\n\n\n\n<p><\/p>\n\n\n\n<hr class=\"wp-block-separator is-style-wide\"\/>\n\n\n\n<p><\/p>\n\n\n\n<p><strong>Barceloneta 1 &#8211; Prebenjam\u00edn \u201cB\u201d 4<\/strong><\/p>\n\n\n\n<p>Un molt bon partit dels nostres nois, amb molt bona actitud, treball en equip per a defensar i per a atacar. Cada vegada millorant en l&#8217;associaci\u00f3 de joc i sent combatius quan havia de ser-ho; i com sempre, amb valors humans que permeten cr\u00e9ixer integralment.<\/p>\n\n\n\n<hr class=\"wp-block-separator\"\/>\n\n\n\n<p><strong>Barceloneta 1 &#8211; Prebenjam\u00edn \u201cB\u201d 4<\/strong><\/p>\n\n\n\n<p>Un muy buen partido de nuestros chicos, con muy buena actitud, trabajo en equipo para defender y para atacar. Cada vez mejorando en la asociaci\u00f3n de juego y siendo combativos cuando deb\u00eda serlo; y como siempre, con valores humanos que permiten crecer integralmente.<\/p>\n\n\n\n<p><\/p>\n\n\n\n<hr class=\"wp-block-separator is-style-wide\"\/>\n\n\n\n<p><\/p>\n\n\n\n<p><strong>Prebenjam\u00edn \u201cC\u201d 0 &#8211; Sistrells 3<\/strong><\/p>\n\n\n\n<p>Partit competit fins al final, en l&#8217;\u00faltim quart errors de marca perjudiquen els nostres i es van rebre els gols contraris. Deixant aix\u00f2 de costat, bon partit i amb moltes ocasions de gol que no han entrat. Malgrat aix\u00f2 el cos t\u00e8cnic es mostra content per la millora dels petits i el gran progr\u00e9s que van fent.<br>A continuar treballant!\ud83d\udcaa\ud83c\udffe\u26bd\ufe0f<\/p>\n\n\n\n<hr class=\"wp-block-separator\"\/>\n\n\n\n<p><strong>Prebenjam\u00edn \u201cC\u201d 0 &#8211; Sistrells 3<\/strong><\/p>\n\n\n\n<p>Partido competido hasta el final, en el \u00faltimo cuarto errores de marca perjudican a los nuestros y se recibieron los goles contrarios. Dejando eso de lado, buen partido y con muchas ocasiones de gol que no han entrado. A pesar de ello el cuerpo t\u00e9cnico se muestra contento por la mejora de los peque\u00f1os y el gran progreso que van haciendo.<\/p>\n\n\n\n<p>\u00a1A seguir trabajando!\ud83d\udcaa\ud83c\udffe\u26bd\ufe0f<\/p>\n","protected":false},"excerpt":{"rendered":"<p>Escola \u201cA\u201d 2 &#8211; Lloreda 1 Per part de nostra\u00a0Escuelita\u00a0va guanyar 2 a 1 al\u00a0Lloreda. Un bon partit de la\u00a0Grama\u00a0que es va jugar d&#8217;igual a igual, vivint molt\u00edssima emoci\u00f3 i gaudint al 100%! Es continua millorant partit a partit partint de les bases com el respecte i la unitat \ud83d\udcaa\u26bd\ufe0f Escuela \u201cA\u201d 2 &#8211; Lloreda [&hellip;]<\/p>\n","protected":false},"author":1,"featured_media":31297,"comment_status":"closed","ping_status":"closed","sticky":false,"template":"","format":"standard","meta":{"footnotes":""},"categories":[4,33,12],"tags":[],"class_list":["post-31370","post","type-post","status-publish","format-standard","has-post-thumbnail","hentry","category-base-inclusiu","category-escola-diari-feg","category-prebenjamins"],"_links":{"self":[{"href":"http:\/\/fegrama.cat\/web\/wp-json\/wp\/v2\/posts\/31370","targetHints":{"allow":["GET"]}}],"collection":[{"href":"http:\/\/fegrama.cat\/web\/wp-json\/wp\/v2\/posts"}],"about":[{"href":"http:\/\/fegrama.cat\/web\/wp-json\/wp\/v2\/types\/post"}],"author":[{"embeddable":true,"href":"http:\/\/fegrama.cat\/web\/wp-json\/wp\/v2\/users\/1"}],"replies":[{"embeddable":true,"href":"http:\/\/fegrama.cat\/web\/wp-json\/wp\/v2\/comments?post=31370"}],"version-history":[{"count":1,"href":"http:\/\/fegrama.cat\/web\/wp-json\/wp\/v2\/posts\/31370\/revisions"}],"predecessor-version":[{"id":31371,"href":"http:\/\/fegrama.cat\/web\/wp-json\/wp\/v2\/posts\/31370\/revisions\/31371"}],"wp:featuredmedia":[{"embeddable":true,"href":"http:\/\/fegrama.cat\/web\/wp-json\/wp\/v2\/media\/31297"}],"wp:attachment":[{"href":"http:\/\/fegrama.cat\/web\/wp-json\/wp\/v2\/media?parent=31370"}],"wp:term":[{"taxonomy":"category","embeddable":true,"href":"http:\/\/fegrama.cat\/web\/wp-json\/wp\/v2\/categories?post=31370"},{"taxonomy":"post_tag","embeddable":true,"href":"http:\/\/fegrama.cat\/web\/wp-json\/wp\/v2\/tags?post=31370"}],"curies":[{"name":"wp","href":"https:\/\/api.w.org\/{rel}","templated":true}]}}