{"id":31342,"date":"2022-11-20T22:39:53","date_gmt":"2022-11-20T21:39:53","guid":{"rendered":"http:\/\/fegrama.cat\/web\/?p=31342"},"modified":"2022-11-20T22:39:54","modified_gmt":"2022-11-20T21:39:54","slug":"una-victoria-mes-per-a-linfantil-c-que-continuara-treballant-per-millorar","status":"publish","type":"post","link":"http:\/\/fegrama.cat\/web\/una-victoria-mes-per-a-linfantil-c-que-continuara-treballant-per-millorar\/","title":{"rendered":"Una vict\u00f2ria m\u00e9s per a l&#8217;Infantil \u00abC\u00bb que continuar\u00e0 treballant per millorar"},"content":{"rendered":"\n<p><strong>Infantil \u201cC\u201d 4 &#8211; P\u00aa Barc. V. Penitents 1<\/strong><\/p>\n\n\n\n<p>Els nois de l&#8217;Infantil \u201cC\u201d van tenir el control de la pilota i van aconseguir filtrar molt bons passis a l&#8217;esquena de la defensa. Una setmana m\u00e9s, s\u00f2lids amb la pilota (malgrat el gol de penal per part dels contraris per un error defensiu de la&nbsp;Grama).<\/p>\n\n\n\n<p>Bon resultat i sensacions, malgrat haver fallat aquest penal en els cinc primers minuts, es va fer tot el que es va poder.<br>A continuar treballant per a \u201cllimar\u201d petites fallades i seguir en la bona direcci\u00f3.<\/p>\n\n\n\n<hr class=\"wp-block-separator\"\/>\n\n\n\n<p><strong>Infantil \u201cC\u201d 4 &#8211; P\u00aa Barc. Villaverde-Penitents 1<\/strong><\/p>\n\n\n\n<p>Los chicos del Infantil \u201cC\u201d tuvieron el control del bal\u00f3n y consiguieron filtrar muy buenos pases a la espalda de la defensa. Una semana m\u00e1s, s\u00f3lidos con el bal\u00f3n (a pesar del gol de penalti por parte de los contrarios por un error defensivo de la Grama).<\/p>\n\n\n\n<p>Buen resultado y sensaciones, a pesar de haber fallado ese penalti en los cinco primeros minutos, se hizo todo lo que se pudo.<\/p>\n\n\n\n<p>A seguir trabajando para \u201climar\u201d peque\u00f1os fallos y seguir en la buena direcci\u00f3n.<\/p>\n","protected":false},"excerpt":{"rendered":"<p>Infantil \u201cC\u201d 4 &#8211; P\u00aa Barc. V. Penitents 1 Els nois de l&#8217;Infantil \u201cC\u201d van tenir el control de la pilota i van aconseguir filtrar molt bons passis a l&#8217;esquena de la defensa. Una setmana m\u00e9s, s\u00f2lids amb la pilota (malgrat el gol de penal per part dels contraris per un error defensiu de la&nbsp;Grama). [&hellip;]<\/p>\n","protected":false},"author":1,"featured_media":31290,"comment_status":"closed","ping_status":"closed","sticky":false,"template":"","format":"standard","meta":{"footnotes":""},"categories":[4,9],"tags":[],"class_list":["post-31342","post","type-post","status-publish","format-standard","has-post-thumbnail","hentry","category-base-inclusiu","category-infantils"],"_links":{"self":[{"href":"http:\/\/fegrama.cat\/web\/wp-json\/wp\/v2\/posts\/31342","targetHints":{"allow":["GET"]}}],"collection":[{"href":"http:\/\/fegrama.cat\/web\/wp-json\/wp\/v2\/posts"}],"about":[{"href":"http:\/\/fegrama.cat\/web\/wp-json\/wp\/v2\/types\/post"}],"author":[{"embeddable":true,"href":"http:\/\/fegrama.cat\/web\/wp-json\/wp\/v2\/users\/1"}],"replies":[{"embeddable":true,"href":"http:\/\/fegrama.cat\/web\/wp-json\/wp\/v2\/comments?post=31342"}],"version-history":[{"count":1,"href":"http:\/\/fegrama.cat\/web\/wp-json\/wp\/v2\/posts\/31342\/revisions"}],"predecessor-version":[{"id":31343,"href":"http:\/\/fegrama.cat\/web\/wp-json\/wp\/v2\/posts\/31342\/revisions\/31343"}],"wp:featuredmedia":[{"embeddable":true,"href":"http:\/\/fegrama.cat\/web\/wp-json\/wp\/v2\/media\/31290"}],"wp:attachment":[{"href":"http:\/\/fegrama.cat\/web\/wp-json\/wp\/v2\/media?parent=31342"}],"wp:term":[{"taxonomy":"category","embeddable":true,"href":"http:\/\/fegrama.cat\/web\/wp-json\/wp\/v2\/categories?post=31342"},{"taxonomy":"post_tag","embeddable":true,"href":"http:\/\/fegrama.cat\/web\/wp-json\/wp\/v2\/tags?post=31342"}],"curies":[{"name":"wp","href":"https:\/\/api.w.org\/{rel}","templated":true}]}}