{"id":31337,"date":"2022-11-20T21:03:19","date_gmt":"2022-11-20T20:03:19","guid":{"rendered":"http:\/\/fegrama.cat\/web\/?p=31337"},"modified":"2022-11-20T21:03:20","modified_gmt":"2022-11-20T20:03:20","slug":"croniques-dels-alevins-amb-moltes-victories","status":"publish","type":"post","link":"http:\/\/fegrama.cat\/web\/croniques-dels-alevins-amb-moltes-victories\/","title":{"rendered":"Cr\u00f2niques dels Alevins amb moltes vict\u00f2ries!"},"content":{"rendered":"\n<p><strong>Alev\u00ed \u201cA\u201d 2 &#8211; Horta 0<\/strong><\/p>\n\n\n\n<p>Els nostres \u201cnens\u201d de l&#8217;Alev\u00ed \u201cA\u201d van jugar un partit a casa bastant controlat, d&#8217;inici fins a final. L&#8217;equip b\u00e9 en transici\u00f3 ofensiva, a pesar que va faltar una mica m\u00e9s de profunditat i d&#8217;atreviment en atac per a jugar 1&nbsp;vs&nbsp;1 en zones molt pr\u00f2ximes a l&#8217;\u00e0rea del rival.<\/p>\n\n\n\n<p>En la fase defensiva, els nostres seguien molt atents a les vigil\u00e0ncies, controlant b\u00e9 el joc directe del rival i fen\u00f2mens en els replegaments durant les transicions dels contraris.<\/p>\n\n\n\n<p>Petits, ho heu fet genial, a seguir aix\u00ed!<\/p>\n\n\n\n<hr class=\"wp-block-separator\"\/>\n\n\n\n<p><strong>Alev\u00edn \u201cA\u201d 2 &#8211; Horta 0<\/strong><\/p>\n\n\n\n<p>Nuestros \u201cpeques\u201d del Alev\u00edn \u201cA\u201d jugaron un partido en casa bastante controlado, de inicio hasta final. El equipo bien en transici\u00f3n ofensiva, a pesar de que falt\u00f3 un poco m\u00e1s de profundidad y de atrevimiento en ataque para jugar 1 vs 1 en zonas muy cercanas al \u00e1rea del rival.<\/p>\n\n\n\n<p>En la fase defensiva, los nuestros segu\u00edan muy atentos a las vigilancias, controlando bien el juego directo del rival y fen\u00f3menos en los repliegues durante las transiciones de los contrarios.<\/p>\n\n\n\n<p>Peque\u00f1os, lo hab\u00e9is hecho genial, \u00a1a seguir as\u00ed!<\/p>\n\n\n\n<p><\/p>\n\n\n\n<hr class=\"wp-block-separator is-style-wide\"\/>\n\n\n\n<p><\/p>\n\n\n\n<p><strong>Espanyol 12 &#8211; Alev\u00ed \u201dC\u201d 3<\/strong><\/p>\n\n\n\n<p>Un partit en el qual malgrat generar un bon joc per part de la\u00a0Grama, el rival \u00e9s superior i en el moment que els nostres desconnecten, comencen a encaixar-se els gols contraris.<br>Es continuen veient coses positives i es treballar\u00e0 fins al final per a treure l&#8217;equip endavant.<\/p>\n\n\n\n<hr class=\"wp-block-separator\"\/>\n\n\n\n<p><strong>Espanyol 12 &#8211; Alev\u00edn \u201dC\u201d 3<\/strong><\/p>\n\n\n\n<p>Un partido en el que pese a generar un buen juego por parte de la Grama, el rival es superior y en el momento que los nuestros desconectan, empiezan a encajarse los goles contrarios.<\/p>\n\n\n\n<p>Se siguen viendo cosas positivas y se trabajar\u00e1 hasta el final para sacar el equipo adelante.<\/p>\n\n\n\n<p><\/p>\n\n\n\n<hr class=\"wp-block-separator is-style-wide\"\/>\n\n\n\n<p><\/p>\n\n\n\n<p><strong>Alev\u00edn \u201cD\u201d 10 &#8211; Racing Vallbona 5<\/strong><\/p>\n\n\n\n<p>El millor partit fins ara per als nostres Alevins del \u201cD\u201d, un partit en el qual malgrat enfrontar-se als segons de lliga es va poder dominar.<br><br>Els errors van ser dos gols en sortida de pilota, els dos \u00faltims anaven 10 a 3 i en els \u00faltims finals es va baixar d&#8217;intensitat. Malgrat aix\u00f2, bona feina de l&#8217;equip!<\/p>\n\n\n\n<hr class=\"wp-block-separator\"\/>\n\n\n\n<p><strong>Alev\u00edn \u201cD\u201d 10 &#8211; Racing Vallbona 5<\/strong><\/p>\n\n\n\n<p>El mejor partido hasta ahora para nuestros Alevines del \u201cD\u201d, un partido en el que a pesar de enfrentarse a los segundos de liga se pudo dominar.&nbsp;<\/p>\n\n\n\n<p>Los errores fueron dos goles en salida de bal\u00f3n, los dos \u00faltimos iban 10 a 3 y en los \u00faltimos finales se baj\u00f3 de intensidad. A pesar de ello, \u00a1buen trabajo del equipo!<\/p>\n\n\n\n<p><\/p>\n\n\n\n<hr class=\"wp-block-separator is-style-wide\"\/>\n\n\n\n<p><\/p>\n\n\n\n<p><strong>Alev\u00ed \u201cF\u201d 12 &#8211;\u00a0 Apa Poble sec 1<\/strong><\/p>\n\n\n\n<p>Partit pl\u00e0cid per als de la\u00a0Grama\u00a0que de principi a fi van ser molt superiors, amb bones jugades col\u00b7lectives i una genial actitud en tot moment. Un \u00fanic error de concentraci\u00f3 en el gol encaixat, malgrat aix\u00f2 el\u00a0Poble\u00a0Sec\u00a0no va generar perill.<\/p>\n\n\n\n<hr class=\"wp-block-separator\"\/>\n\n\n\n<p><strong>Alev\u00edn \u201cF\u201d 12 &#8211;&nbsp; Apa Poble sec 1<\/strong><\/p>\n\n\n\n<p>Partido pl\u00e1cido para los de la Grama que de principio a fin fueron muy superiores, con buenas jugadas colectivas y una genial actitud en todo momento. Un \u00fanico error de concentraci\u00f3n en el gol encajado, a pesar de ello el Poble Sec no gener\u00f3 peligro.<\/p>\n\n\n\n<figure class=\"wp-block-image size-large\"><img loading=\"lazy\" decoding=\"async\" width=\"1024\" height=\"768\" src=\"http:\/\/fegrama.cat\/web\/wp-content\/uploads\/2022\/11\/ALEVIN-22F22-1-1024x768.jpeg\" alt=\"\" class=\"wp-image-31338\" srcset=\"http:\/\/fegrama.cat\/web\/wp-content\/uploads\/2022\/11\/ALEVIN-22F22-1-1024x768.jpeg 1024w, http:\/\/fegrama.cat\/web\/wp-content\/uploads\/2022\/11\/ALEVIN-22F22-1-300x225.jpeg 300w, http:\/\/fegrama.cat\/web\/wp-content\/uploads\/2022\/11\/ALEVIN-22F22-1-768x576.jpeg 768w, http:\/\/fegrama.cat\/web\/wp-content\/uploads\/2022\/11\/ALEVIN-22F22-1-1536x1152.jpeg 1536w, http:\/\/fegrama.cat\/web\/wp-content\/uploads\/2022\/11\/ALEVIN-22F22-1.jpeg 2048w\" sizes=\"auto, (max-width: 1024px) 100vw, 1024px\" \/><\/figure>\n\n\n\n<hr class=\"wp-block-separator is-style-wide\"\/>\n\n\n\n<p><\/p>\n\n\n\n<p><strong>Bufal\u00e0 1 &#8211; Alevin \u201cG\u201d 2\u00a0<\/strong><\/p>\n\n\n\n<p>Partit molt intens en un camp amb dimensions molt redu\u00efdes i davant un rival superior f\u00edsicament.<br><br>En la primera part, els nostres van tenir el control de la pilota, intentant generar espais a l&#8217;esquena dels laterals. Malgrat tenir algunes ocasions, no es van poder materialitzar. En el segon quart, l&#8217;equip contrari va comen\u00e7ar a pressionar en la sortida de pilota, la qual cosa va fer m\u00e9s cost\u00f3s donar flu\u00efdesa a la pilota.<br><br>En el tercer i \u00faltim quart, la\u00a0Grama\u00a0atenta en defenses i generant situacions de superioritat acaba marcant el segon gol en l&#8217;\u00faltim minut que dona la vict\u00f2ria.<br><br>Partit molt emocionant i contents amb la vict\u00f2ria \ud83d\udcaa\ud83c\udffc<\/p>\n\n\n\n<hr class=\"wp-block-separator\"\/>\n\n\n\n<p><strong>Bufal\u00e1 1 &#8211; Alevin \u201cG\u201d 2&nbsp;<\/strong><\/p>\n\n\n\n<p>Partido muy intenso en un campo con dimensiones muy reducidas y ante un rival superior f\u00edsicamente.&nbsp;<\/p>\n\n\n\n<p>En la primera parte, los nuestros tuvieron el control del bal\u00f3n, intentando generar espacios a la espalda de los laterales. A pesar de tener algunas ocasiones, no se pudieron materializar. En el segundo cuarto, el equipo contrario empez\u00f3 a presionar en la salida de bal\u00f3n, lo que hizo m\u00e1s costoso dar fluidez al bal\u00f3n.<\/p>\n\n\n\n<p>En el tercer y \u00faltimo cuarto, la Grama atenta en defensas y generando situaciones de superioridad acaba marcando el segundo gol en el \u00faltimo minuto que da la victoria.<\/p>\n\n\n\n<p>Partido muy emocionante y contentos con la victoria \ud83d\udcaa\ud83c\udffc<\/p>\n\n\n\n<p><\/p>\n","protected":false},"excerpt":{"rendered":"<p>Alev\u00ed \u201cA\u201d 2 &#8211; Horta 0 Els nostres \u201cnens\u201d de l&#8217;Alev\u00ed \u201cA\u201d van jugar un partit a casa bastant controlat, d&#8217;inici fins a final. L&#8217;equip b\u00e9 en transici\u00f3 ofensiva, a pesar que va faltar una mica m\u00e9s de profunditat i d&#8217;atreviment en atac per a jugar 1&nbsp;vs&nbsp;1 en zones molt pr\u00f2ximes a l&#8217;\u00e0rea del rival. [&hellip;]<\/p>\n","protected":false},"author":1,"featured_media":31338,"comment_status":"closed","ping_status":"closed","sticky":false,"template":"","format":"standard","meta":{"footnotes":""},"categories":[10,4],"tags":[],"class_list":["post-31337","post","type-post","status-publish","format-standard","has-post-thumbnail","hentry","category-alevins","category-base-inclusiu"],"_links":{"self":[{"href":"http:\/\/fegrama.cat\/web\/wp-json\/wp\/v2\/posts\/31337","targetHints":{"allow":["GET"]}}],"collection":[{"href":"http:\/\/fegrama.cat\/web\/wp-json\/wp\/v2\/posts"}],"about":[{"href":"http:\/\/fegrama.cat\/web\/wp-json\/wp\/v2\/types\/post"}],"author":[{"embeddable":true,"href":"http:\/\/fegrama.cat\/web\/wp-json\/wp\/v2\/users\/1"}],"replies":[{"embeddable":true,"href":"http:\/\/fegrama.cat\/web\/wp-json\/wp\/v2\/comments?post=31337"}],"version-history":[{"count":1,"href":"http:\/\/fegrama.cat\/web\/wp-json\/wp\/v2\/posts\/31337\/revisions"}],"predecessor-version":[{"id":31339,"href":"http:\/\/fegrama.cat\/web\/wp-json\/wp\/v2\/posts\/31337\/revisions\/31339"}],"wp:featuredmedia":[{"embeddable":true,"href":"http:\/\/fegrama.cat\/web\/wp-json\/wp\/v2\/media\/31338"}],"wp:attachment":[{"href":"http:\/\/fegrama.cat\/web\/wp-json\/wp\/v2\/media?parent=31337"}],"wp:term":[{"taxonomy":"category","embeddable":true,"href":"http:\/\/fegrama.cat\/web\/wp-json\/wp\/v2\/categories?post=31337"},{"taxonomy":"post_tag","embeddable":true,"href":"http:\/\/fegrama.cat\/web\/wp-json\/wp\/v2\/tags?post=31337"}],"curies":[{"name":"wp","href":"https:\/\/api.w.org\/{rel}","templated":true}]}}