{"id":31305,"date":"2022-11-07T23:03:25","date_gmt":"2022-11-07T22:03:25","guid":{"rendered":"http:\/\/fegrama.cat\/web\/?p=31305"},"modified":"2022-11-07T23:03:53","modified_gmt":"2022-11-07T22:03:53","slug":"31305-2","status":"publish","type":"post","link":"http:\/\/fegrama.cat\/web\/31305-2\/","title":{"rendered":"Cr\u00f2niques dels Alevins amb la vict\u00f2ria del \u00abD\u00bb i l&#8217; \u00abF\u00bb"},"content":{"rendered":"\n<p><strong>Alev\u00ed \u201cA\u201d 0 &#8211; Hospitalet 5<\/strong><\/p>\n\n\n\n<p>Partit contra els l\u00edders on m\u00e9s enll\u00e0 del resultat, va ser un partit per a \u00abestar contents\u00bb, ja que en moltes fases del partit es va poder dominar i ser superiors; malgrat algunes fallades en ocasions clares en moments del partit molt claus.<br><br>Els contraris van marcar gaireb\u00e9 tots els gols en transicions, on f\u00edsicament eren superiors i a la\u00a0Grama\u00a0li costava m\u00e9s tornar.<\/p>\n\n\n\n<hr class=\"wp-block-separator\"\/>\n\n\n\n<p><\/p>\n\n\n\n<p><strong>Alev\u00edn \u201cA\u201d 0 &#8211; Hospitalet 5<\/strong><\/p>\n\n\n\n<p>Partido contra los l\u00edderes donde m\u00e1s all\u00e1 del resultado, fue un partido para \u00abestar contentos\u00bb, ya que en muchas fases del partido se pudo dominar y ser superiores; a pesar de algunos fallos en ocasiones claras en momentos del partido muy claves.<\/p>\n\n\n\n<p>Los contrarios marcaron casi todos los goles en transiciones, donde f\u00edsicamente eran superiores y a la Grama le costaba m\u00e1s volver.<\/p>\n\n\n\n<p><\/p>\n\n\n\n<hr class=\"wp-block-separator is-style-wide\"\/>\n\n\n\n<p><\/p>\n\n\n\n<p><strong>Escola de futbol Matar\u00f3 9 &#8211; Alev\u00ed \u201cC\u201d 2<\/strong><\/p>\n\n\n\n<p>Partit en el qual la\u00a0Grama\u00a0va comen\u00e7ar \u201ccom mai\u201d, generant amb pilota i pressionant en bloc. Es va poder posar als contraris \u201ccontra les cordes\u201d i generar diverses ocasions clares que no acaben de materialitzar-se. En el segon quart es va el partit per errors b\u00e0sics en defensa el que fa que els nostres baixin la intensitat i s&#8217;ensorrin. A partir d&#8217;aqu\u00ed, el rival castiga i l&#8217;equip nom\u00e9s torna a competir en l&#8217;\u00faltim quart.<\/p>\n\n\n\n<hr class=\"wp-block-separator\"\/>\n\n\n\n<p><\/p>\n\n\n\n<p><strong>Escola de futbol Matar\u00f3 9 &#8211; Alev\u00edn \u201cC\u201d 2<\/strong><\/p>\n\n\n\n<p>Partido en el que la Grama empez\u00f3 \u201ccomo nunca\u201d, generando con bal\u00f3n y presionando en bloque. Se pudo poner a los contrarios \u201ccontra las cuerdas\u201d y generar varias ocasiones claras que no acaban de materializarse. En el segundo cuarto se va el partido por errores b\u00e1sicos en defensa lo que hace que los nuestros bajen la intensidad y se vengan abajo. A partir de ah\u00ed, el rival castiga y el equipo s\u00f3lo vuelve a competir en el \u00faltimo cuarto.<\/p>\n\n\n\n<p><\/p>\n\n\n\n<p><\/p>\n\n\n\n<hr class=\"wp-block-separator is-style-wide\"\/>\n\n\n\n<p><\/p>\n\n\n\n<p><strong>Bon pastor 2 &#8211; Alev\u00ed \u201cD\u201d 3<\/strong><\/p>\n\n\n\n<p>La\u00a0Grama\u00a0va estar en la seva l\u00ednia volent ser protagonista amb la pilota i amb un bon joc\u00a0combinativo\u00a0que no va ser suficient. Malgrat la vict\u00f2ria, no van estar molt encertats de cara a porteria.<br><br>El rival per la seva part amb un joc directe, bloc baix i volent mantenir el resultat des del primer minut.<br><br>A continuar treballant!<\/p>\n\n\n\n<p><\/p>\n\n\n\n<hr class=\"wp-block-separator\"\/>\n\n\n\n<p><\/p>\n\n\n\n<p><strong>Bon pastor 2 &#8211; Alev\u00edn \u201cD\u201d 3<\/strong><\/p>\n\n\n\n<p>La grama estuvo en su l\u00ednea queriendo ser protagonista con el bal\u00f3n y con un buen juego combinativo que no fue suficiente. A pesar de la victoria, no estuvieron muy acertados de cara&nbsp; a porter\u00eda.<\/p>\n\n\n\n<p>El rival por su parte con un&nbsp; juego directo, bloque bajo y queriendo mantener el resultado desde el primer minuto.<\/p>\n\n\n\n<p>\u00a1A seguir trabajando!<\/p>\n\n\n\n<p><\/p>\n\n\n\n<p><\/p>\n\n\n\n<hr class=\"wp-block-separator is-style-wide\"\/>\n\n\n\n<p><\/p>\n\n\n\n<p><\/p>\n\n\n\n<p><strong>Alev\u00ed \u201cF\u201d 7 &#8211; Vila Ol\u00edmpica 1<\/strong><\/p>\n\n\n\n<p>Partit on ja des de molt primerenc la\u00a0Grama\u00a0es\u00a0situa\u00a0per davant en el marcador. Amb un joc\u00a0combinativo\u00a0i bona intensitat es van poder crear moltes ocasions que van materialitzant-se en gols.<br><br>A seguir en la bona l\u00ednia!<\/p>\n\n\n\n<figure class=\"wp-block-image size-large\"><img loading=\"lazy\" decoding=\"async\" width=\"1024\" height=\"768\" src=\"http:\/\/fegrama.cat\/web\/wp-content\/uploads\/2022\/11\/alevin-22F22-1024x768.jpeg\" alt=\"\" class=\"wp-image-31306\" srcset=\"http:\/\/fegrama.cat\/web\/wp-content\/uploads\/2022\/11\/alevin-22F22-1024x768.jpeg 1024w, http:\/\/fegrama.cat\/web\/wp-content\/uploads\/2022\/11\/alevin-22F22-300x225.jpeg 300w, http:\/\/fegrama.cat\/web\/wp-content\/uploads\/2022\/11\/alevin-22F22-768x576.jpeg 768w, http:\/\/fegrama.cat\/web\/wp-content\/uploads\/2022\/11\/alevin-22F22-1536x1152.jpeg 1536w, http:\/\/fegrama.cat\/web\/wp-content\/uploads\/2022\/11\/alevin-22F22.jpeg 2048w\" sizes=\"auto, (max-width: 1024px) 100vw, 1024px\" \/><\/figure>\n\n\n\n<p><\/p>\n\n\n\n<hr class=\"wp-block-separator\"\/>\n\n\n\n<p><\/p>\n\n\n\n<p><strong>Alev\u00edn \u201cF\u201d 7 &#8211; Vila Ol\u00edmpica 1<\/strong><\/p>\n\n\n\n<p>Partido donde ya desde muy temprano la Grama se situa por delante en el marcador. Con un juego combinativo y buena intensidad se pudieron crear muchas ocasiones que van materializ\u00e1ndose en goles.<\/p>\n\n\n\n<p>\u00a1A seguir en la buena l\u00ednea!<\/p>\n","protected":false},"excerpt":{"rendered":"<p>Alev\u00ed \u201cA\u201d 0 &#8211; Hospitalet 5 Partit contra els l\u00edders on m\u00e9s enll\u00e0 del resultat, va ser un partit per a \u00abestar contents\u00bb, ja que en moltes fases del partit es va poder dominar i ser superiors; malgrat algunes fallades en ocasions clares en moments del partit molt claus. Els contraris van marcar gaireb\u00e9 tots [&hellip;]<\/p>\n","protected":false},"author":1,"featured_media":31306,"comment_status":"closed","ping_status":"closed","sticky":false,"template":"","format":"standard","meta":{"footnotes":""},"categories":[10,4],"tags":[],"class_list":["post-31305","post","type-post","status-publish","format-standard","has-post-thumbnail","hentry","category-alevins","category-base-inclusiu"],"_links":{"self":[{"href":"http:\/\/fegrama.cat\/web\/wp-json\/wp\/v2\/posts\/31305","targetHints":{"allow":["GET"]}}],"collection":[{"href":"http:\/\/fegrama.cat\/web\/wp-json\/wp\/v2\/posts"}],"about":[{"href":"http:\/\/fegrama.cat\/web\/wp-json\/wp\/v2\/types\/post"}],"author":[{"embeddable":true,"href":"http:\/\/fegrama.cat\/web\/wp-json\/wp\/v2\/users\/1"}],"replies":[{"embeddable":true,"href":"http:\/\/fegrama.cat\/web\/wp-json\/wp\/v2\/comments?post=31305"}],"version-history":[{"count":2,"href":"http:\/\/fegrama.cat\/web\/wp-json\/wp\/v2\/posts\/31305\/revisions"}],"predecessor-version":[{"id":31308,"href":"http:\/\/fegrama.cat\/web\/wp-json\/wp\/v2\/posts\/31305\/revisions\/31308"}],"wp:featuredmedia":[{"embeddable":true,"href":"http:\/\/fegrama.cat\/web\/wp-json\/wp\/v2\/media\/31306"}],"wp:attachment":[{"href":"http:\/\/fegrama.cat\/web\/wp-json\/wp\/v2\/media?parent=31305"}],"wp:term":[{"taxonomy":"category","embeddable":true,"href":"http:\/\/fegrama.cat\/web\/wp-json\/wp\/v2\/categories?post=31305"},{"taxonomy":"post_tag","embeddable":true,"href":"http:\/\/fegrama.cat\/web\/wp-json\/wp\/v2\/tags?post=31305"}],"curies":[{"name":"wp","href":"https:\/\/api.w.org\/{rel}","templated":true}]}}