{"id":31301,"date":"2022-11-07T22:07:24","date_gmt":"2022-11-07T21:07:24","guid":{"rendered":"http:\/\/fegrama.cat\/web\/?p=31301"},"modified":"2022-11-07T22:08:20","modified_gmt":"2022-11-07T21:08:20","slug":"croniques-dels-cadets-amb-la-victoria-del-c-i-la","status":"publish","type":"post","link":"http:\/\/fegrama.cat\/web\/croniques-dels-cadets-amb-la-victoria-del-c-i-la\/","title":{"rendered":"Cr\u00f2niques dels Cadets amb la vict\u00f2ria del \u00abC\u00bb i l&#8217; \u00abA\u00bb"},"content":{"rendered":"\n<p><strong>Horta 1 &#8211; Cadet \u201cA\u201d 2<\/strong><br><br>El nostre Cadet \u201cA\u201d juga un partit per a oblidar on no van saber trobar la comoditat en cap moment, la qual cosa els va portar a perdre completament el control del partit. Van ser uns 80 minuts de carreres constants d&#8217;una \u00e0rea a una altra. El positiu \u00e9s que el partit es va guanyar i es van poder sumar tres, a pesar que hi hagi molt per millorar.<br>A seguir \ud83d\udcaa\ud83c\udffd<\/p>\n\n\n\n<figure class=\"wp-block-image size-large\"><img loading=\"lazy\" decoding=\"async\" width=\"1024\" height=\"768\" src=\"http:\/\/fegrama.cat\/web\/wp-content\/uploads\/2022\/11\/CADETE-A-1024x768.jpeg\" alt=\"\" class=\"wp-image-31302\" srcset=\"http:\/\/fegrama.cat\/web\/wp-content\/uploads\/2022\/11\/CADETE-A-1024x768.jpeg 1024w, http:\/\/fegrama.cat\/web\/wp-content\/uploads\/2022\/11\/CADETE-A-300x225.jpeg 300w, http:\/\/fegrama.cat\/web\/wp-content\/uploads\/2022\/11\/CADETE-A-768x576.jpeg 768w, http:\/\/fegrama.cat\/web\/wp-content\/uploads\/2022\/11\/CADETE-A-1536x1152.jpeg 1536w, http:\/\/fegrama.cat\/web\/wp-content\/uploads\/2022\/11\/CADETE-A.jpeg 2048w\" sizes=\"auto, (max-width: 1024px) 100vw, 1024px\" \/><figcaption>IMATGE FENT HOMENATGE A L&#8217;\u00c0LEX, EL NOSTRE JUGADOR QUE JA TROBEM A FALTAR!<\/figcaption><\/figure>\n\n\n\n<hr class=\"wp-block-separator\"\/>\n\n\n\n<p><strong>Horta 1 &#8211; Cadete \u201cA\u201d 2<\/strong><\/p>\n\n\n\n<p>Nuestro Cadete \u201cA\u201d juega un partido para olvidar d\u00f3nde no supieron encontrar la comodidad en ning\u00fan momento, lo que les llev\u00f3 a perder completamente el control del partido. Fueron unos 80 minutos de carreras constantes de un \u00e1rea a otra. Lo positivo es que el partido se gan\u00f3 y se pudieron sumar tres, a pesar de que haya mucho por mejorar.<\/p>\n\n\n\n<p>A seguir \ud83d\udcaa\ud83c\udffd<\/p>\n\n\n\n<p><\/p>\n\n\n\n<hr class=\"wp-block-separator is-style-wide\"\/>\n\n\n\n<p><\/p>\n\n\n\n<p><strong>Martinenc 6 &#8211; Cadet \u201cB\u201d 3<\/strong><\/p>\n\n\n\n<p>Podria ser una descripci\u00f3 paradoxal, per\u00f2 el rival malgrat ser inferior als de la&nbsp;Grama&nbsp;va poder ficar cinc gols en la primera part per fallades en la vigil\u00e0ncia, la qual cosa fa que el partit es posi per als nostres en una situaci\u00f3 molt complicada.<br><br>Encara aix\u00ed, la segona part \u00e9s el millor per\u00edode de temps en fase de disposici\u00f3. A poc a poc s&#8217;aniran llimant les fallades.<br><br>Seguim!<\/p>\n\n\n\n<p><\/p>\n\n\n\n<hr class=\"wp-block-separator\"\/>\n\n\n\n<p><\/p>\n\n\n\n<p><strong>Martinenc 6 &#8211; Cadet \u201cB\u201d 3<\/strong><\/p>\n\n\n\n<p>Podr\u00eda ser una descripci\u00f3n parad\u00f3jica, pero el rival a pesar de ser inferior a los de la Grama pudo meter cinco goles en la primera parte por fallos en la vigilancia, lo que hace que el partido se ponga para los nuestros en una situaci\u00f3n muy complicada.&nbsp;<\/p>\n\n\n\n<p>A\u00fan as\u00ed, la segunda parte es el mejor per\u00edodo de tiempo en fase de disposici\u00f3n. Poco a poco se ir\u00e1n limando los fallos.<\/p>\n\n\n\n<p>\u00a1Seguimos!<\/p>\n\n\n\n<p><\/p>\n\n\n\n<hr class=\"wp-block-separator is-style-wide\"\/>\n\n\n\n<p><\/p>\n\n\n\n<p><strong>Bellvitge 0 &#8211; Cadete \u201cC\u201d 5<\/strong><\/p>\n\n\n\n<p>Partit molt complet de l&#8217;equip de principi a fi. Amb un petit lapsus els \u00faltims deu minuts de la primera part que va costar un penal en contra per als nostres. En la segona part la&nbsp;Grama&nbsp;va seguir molt b\u00e9 amb la pilota i sent molt eficaces en les dues \u00e0rees.<br><br>L&#8217;equip va estar molt b\u00e9 sense pilota, el rival gaireb\u00e9 no va generar ocasions pel que el cos t\u00e8cnic es mostra molt content amb el grup despr\u00e9s d&#8217;una setmana dif\u00edcil.<br><br>A continuar practicant i creixent.<\/p>\n\n\n\n<hr class=\"wp-block-separator\"\/>\n\n\n\n<p><\/p>\n\n\n\n<p><strong>Bellvitge 0 &#8211; Cadete \u201cC\u201d 5<\/strong><\/p>\n\n\n\n<p>Partido muy completo del equipo de principio a fin. Con un peque\u00f1o lapsus los \u00faltimos diez minutos de la primera parte que cost\u00f3 un penalti en contra para los nuestros. En la segunda parte la Grama sigui\u00f3 muy bien con el bal\u00f3n y siendo muy eficaces en las dos \u00e1reas.<br><br>El equipo estuvo muy bien sin bal\u00f3n, el rival casi no gener\u00f3 ocasiones por lo que el cuerpo t\u00e9cnico se muestra muy contento con el grupo despu\u00e9s de una semana dif\u00edcil.&nbsp;<\/p>\n\n\n\n<p>A seguir practicando y creciendo.<\/p>\n\n\n\n<p><\/p>\n\n\n\n<hr class=\"wp-block-separator is-style-wide\"\/>\n\n\n\n<p><\/p>\n\n\n\n<p><strong>Catalonia 2 &#8211; Cadete \u201cD\u201d 1&nbsp;<\/strong><\/p>\n\n\n\n<p>Una derrota dura per al Cadet \u201cD\u201d que va competir molt b\u00e9 davant d&#8217;un equip que porta molt\u00edssim avantatge en gols. Cal destacar que els nostres ho van donar tot i li ho van posar molt dif\u00edcil als contraris.<\/p>\n\n\n\n<hr class=\"wp-block-separator\"\/>\n\n\n\n<p><\/p>\n\n\n\n<p><strong>Catalonia 2 &#8211; Cadete \u201cD\u201d 1&nbsp;<\/strong><\/p>\n\n\n\n<p>Una derrota dura para el Cadete \u201cD\u201d que compiti\u00f3 muy bien delante de un equipo que lleva much\u00edsima ventaja en goles. Cabe destacar que los nuestros lo dieron todo y se lo pusieron muy dif\u00edcil a los contrarios.<\/p>\n","protected":false},"excerpt":{"rendered":"<p>Horta 1 &#8211; Cadet \u201cA\u201d 2 El nostre Cadet \u201cA\u201d juga un partit per a oblidar on no van saber trobar la comoditat en cap moment, la qual cosa els va portar a perdre completament el control del partit. Van ser uns 80 minuts de carreres constants d&#8217;una \u00e0rea a una altra. El positiu \u00e9s [&hellip;]<\/p>\n","protected":false},"author":1,"featured_media":31302,"comment_status":"closed","ping_status":"closed","sticky":false,"template":"","format":"standard","meta":{"footnotes":""},"categories":[4,7],"tags":[],"class_list":["post-31301","post","type-post","status-publish","format-standard","has-post-thumbnail","hentry","category-base-inclusiu","category-cadets"],"_links":{"self":[{"href":"http:\/\/fegrama.cat\/web\/wp-json\/wp\/v2\/posts\/31301","targetHints":{"allow":["GET"]}}],"collection":[{"href":"http:\/\/fegrama.cat\/web\/wp-json\/wp\/v2\/posts"}],"about":[{"href":"http:\/\/fegrama.cat\/web\/wp-json\/wp\/v2\/types\/post"}],"author":[{"embeddable":true,"href":"http:\/\/fegrama.cat\/web\/wp-json\/wp\/v2\/users\/1"}],"replies":[{"embeddable":true,"href":"http:\/\/fegrama.cat\/web\/wp-json\/wp\/v2\/comments?post=31301"}],"version-history":[{"count":2,"href":"http:\/\/fegrama.cat\/web\/wp-json\/wp\/v2\/posts\/31301\/revisions"}],"predecessor-version":[{"id":31304,"href":"http:\/\/fegrama.cat\/web\/wp-json\/wp\/v2\/posts\/31301\/revisions\/31304"}],"wp:featuredmedia":[{"embeddable":true,"href":"http:\/\/fegrama.cat\/web\/wp-json\/wp\/v2\/media\/31302"}],"wp:attachment":[{"href":"http:\/\/fegrama.cat\/web\/wp-json\/wp\/v2\/media?parent=31301"}],"wp:term":[{"taxonomy":"category","embeddable":true,"href":"http:\/\/fegrama.cat\/web\/wp-json\/wp\/v2\/categories?post=31301"},{"taxonomy":"post_tag","embeddable":true,"href":"http:\/\/fegrama.cat\/web\/wp-json\/wp\/v2\/tags?post=31301"}],"curies":[{"name":"wp","href":"https:\/\/api.w.org\/{rel}","templated":true}]}}