{"id":31288,"date":"2022-11-07T11:01:01","date_gmt":"2022-11-07T10:01:01","guid":{"rendered":"http:\/\/fegrama.cat\/web\/?p=31288"},"modified":"2022-11-07T11:12:12","modified_gmt":"2022-11-07T10:12:12","slug":"la-gran-victoria-de-linfantil-c","status":"publish","type":"post","link":"http:\/\/fegrama.cat\/web\/la-gran-victoria-de-linfantil-c\/","title":{"rendered":"La GRAN vict\u00f2ria de l&#8217;Infantil \u00abC\u00bb"},"content":{"rendered":"\n<p><strong>Collblanc 4 &#8211; Infantil \u201cA\u201d 3<\/strong><\/p>\n\n\n\n<p>Els de l&#8217;Infantil \u201cA\u201d van jugar un partit injust en el qual es mereixien molt m\u00e9s. Es van donar molts contratemps com les dimensions del camp, l&#8217;equip contrari que no va jugar\u2026 el millor partit per part dels nostres, malgrat no haver-se pogut portar la vict\u00f2ria.<\/p>\n\n\n\n<p><\/p>\n\n\n\n<hr class=\"wp-block-separator\"\/>\n\n\n\n<p><\/p>\n\n\n\n<p><strong>Collblanc 4 &#8211; Infantil \u201cA\u201d 3<\/strong><\/p>\n\n\n\n<p>Los del Infantil \u201cA\u201d jugaron un partido injusto en el que se merec\u00edan mucho m\u00e1s. Se dieron muchos contratiempos como las dimensiones del campo, el equipo contrario que no jug\u00f3\u2026 el mejor partido por parte de los nuestros, a pesar de no haberse podido llevar la victoria.<\/p>\n\n\n\n\n\n<hr class=\"wp-block-separator is-style-wide\"\/>\n\n\n\n<p><\/p>\n\n\n\n<p><strong>Infantil \u201cC\u201d 6 &#8211; Brafa 0&nbsp;&nbsp;&nbsp;&nbsp;&nbsp;&nbsp;&nbsp;&nbsp;<\/strong><\/p>\n\n\n\n<p>Un partit on, de nou, els nostres Infantils del \u201cC\u201d surten \u201cendollad\u00edsims\u201d des del xiulet inicial, posant el 3 a 0 en el minut 9 de joc.<\/p>\n\n\n\n<p>La Grama va obtenir el control al complet del joc i de la pilota, generant molt\u00edssimes ocasions i sent molt s\u00f2lids a nivell defensiu.<\/p>\n\n\n\n<figure class=\"wp-block-image size-large\"><img loading=\"lazy\" decoding=\"async\" width=\"1024\" height=\"768\" src=\"http:\/\/fegrama.cat\/web\/wp-content\/uploads\/2022\/11\/INFANTIL-C-1.jpeg\" alt=\"\" class=\"wp-image-31290\" srcset=\"http:\/\/fegrama.cat\/web\/wp-content\/uploads\/2022\/11\/INFANTIL-C-1.jpeg 1024w, http:\/\/fegrama.cat\/web\/wp-content\/uploads\/2022\/11\/INFANTIL-C-1-300x225.jpeg 300w, http:\/\/fegrama.cat\/web\/wp-content\/uploads\/2022\/11\/INFANTIL-C-1-768x576.jpeg 768w\" sizes=\"auto, (max-width: 1024px) 100vw, 1024px\" \/><\/figure>\n\n\n\n<p><\/p>\n\n\n\n<hr class=\"wp-block-separator\"\/>\n\n\n\n<p><\/p>\n\n\n\n<p><strong>Infantil \u201cC\u201d 6 &#8211; Brafa 0 &nbsp; &nbsp; &nbsp; &nbsp; <\/strong>&nbsp;&nbsp;&nbsp;&nbsp;&nbsp;&nbsp;&nbsp;&nbsp;&nbsp;&nbsp;&nbsp;&nbsp;&nbsp;&nbsp;&nbsp;&nbsp;&nbsp;&nbsp;&nbsp;&nbsp;&nbsp;&nbsp;<\/p>\n\n\n\n<p>Un partido en el que nuevamente, nuestros Infantiles del \u201cC\u201d salen \u201cenchufadisimos\u201d desde el pitido inicial, poniendo el 3 a 0 en el minuto 9 de juego.<\/p>\n\n\n\n<p>La Grama obtuvo el control al completo del juego y del bal\u00f3n, generando much\u00edsimas ocasiones y siendo muy s\u00f3lidos a nivel defensivo.<\/p>\n","protected":false},"excerpt":{"rendered":"<p>Collblanc 4 &#8211; Infantil \u201cA\u201d 3 Els de l&#8217;Infantil \u201cA\u201d van jugar un partit injust en el qual es mereixien molt m\u00e9s. Es van donar molts contratemps com les dimensions del camp, l&#8217;equip contrari que no va jugar\u2026 el millor partit per part dels nostres, malgrat no haver-se pogut portar la vict\u00f2ria. Collblanc 4 &#8211; [&hellip;]<\/p>\n","protected":false},"author":1,"featured_media":31290,"comment_status":"closed","ping_status":"closed","sticky":false,"template":"","format":"standard","meta":{"footnotes":""},"categories":[4,9],"tags":[],"class_list":["post-31288","post","type-post","status-publish","format-standard","has-post-thumbnail","hentry","category-base-inclusiu","category-infantils"],"_links":{"self":[{"href":"http:\/\/fegrama.cat\/web\/wp-json\/wp\/v2\/posts\/31288","targetHints":{"allow":["GET"]}}],"collection":[{"href":"http:\/\/fegrama.cat\/web\/wp-json\/wp\/v2\/posts"}],"about":[{"href":"http:\/\/fegrama.cat\/web\/wp-json\/wp\/v2\/types\/post"}],"author":[{"embeddable":true,"href":"http:\/\/fegrama.cat\/web\/wp-json\/wp\/v2\/users\/1"}],"replies":[{"embeddable":true,"href":"http:\/\/fegrama.cat\/web\/wp-json\/wp\/v2\/comments?post=31288"}],"version-history":[{"count":2,"href":"http:\/\/fegrama.cat\/web\/wp-json\/wp\/v2\/posts\/31288\/revisions"}],"predecessor-version":[{"id":31291,"href":"http:\/\/fegrama.cat\/web\/wp-json\/wp\/v2\/posts\/31288\/revisions\/31291"}],"wp:featuredmedia":[{"embeddable":true,"href":"http:\/\/fegrama.cat\/web\/wp-json\/wp\/v2\/media\/31290"}],"wp:attachment":[{"href":"http:\/\/fegrama.cat\/web\/wp-json\/wp\/v2\/media?parent=31288"}],"wp:term":[{"taxonomy":"category","embeddable":true,"href":"http:\/\/fegrama.cat\/web\/wp-json\/wp\/v2\/categories?post=31288"},{"taxonomy":"post_tag","embeddable":true,"href":"http:\/\/fegrama.cat\/web\/wp-json\/wp\/v2\/tags?post=31288"}],"curies":[{"name":"wp","href":"https:\/\/api.w.org\/{rel}","templated":true}]}}