{"id":31285,"date":"2022-11-01T00:04:57","date_gmt":"2022-10-31T23:04:57","guid":{"rendered":"http:\/\/fegrama.cat\/web\/?p=31285"},"modified":"2022-11-01T00:04:59","modified_gmt":"2022-10-31T23:04:59","slug":"bona-actitud-dels-infantils","status":"publish","type":"post","link":"http:\/\/fegrama.cat\/web\/bona-actitud-dels-infantils\/","title":{"rendered":"Bona actitud dels Infantils!"},"content":{"rendered":"\n<p><strong>Infantil \u201cA\u201d 1 &#8211; Brafa 2<\/strong><\/p>\n\n\n\n<p>Partit molt millorable en el qual els nostres cometen dos errors que els condemnen. Malgrat aix\u00f2, la\u00a0Grama\u00a0es\u00a0vi\u00f3\u00a0superior durant tot el partit, una ll\u00e0stima el resultat, ja que van aconseguir generar molt.<br><br>Toca millorar.<\/p>\n\n\n\n<hr class=\"wp-block-separator\"\/>\n\n\n\n<p><strong>Infantil \u201cA\u201d 1 &#8211; Brafa 2<\/strong><\/p>\n\n\n\n<p>Partido muy mejorable en el que los nuestros cometen dos errores que los condenan. A pesar de eso, la Grama se vi\u00f3 superior durante todo el partido, una l\u00e1stima el resultado, ya que consiguieron generar mucho.<\/p>\n\n\n\n<p>Toca mejorar.<\/p>\n\n\n\n<p><\/p>\n\n\n\n<hr class=\"wp-block-separator is-style-wide\"\/>\n\n\n\n<p><\/p>\n\n\n\n<p><strong>Sant Gabriel 0 &#8211; Infantil \u201cB\u201d 2<\/strong><br><br>Partit en un camp complicat davant d&#8217;un gran rival, el qual va posar les coses dif\u00edcils fins a l&#8217;\u00faltim instant. Malgrat aix\u00f2 es va aconseguir una vict\u00f2ria!<\/p>\n\n\n\n<hr class=\"wp-block-separator\"\/>\n\n\n\n<p><strong>Sant Gabriel 0 &#8211; Infantil \u201cB\u201d 2<\/strong><\/p>\n\n\n\n<p>Partido en un campo complicado delante de un gran rival, el cual puso las cosas dif\u00edciles hasta el \u00faltimo instante. \u00a1A pesar de eso se consigui\u00f3 una victoria!<\/p>\n\n\n\n<p><\/p>\n\n\n\n<hr class=\"wp-block-separator is-style-wide\"\/>\n\n\n\n<p><\/p>\n\n\n\n<p><strong>Infantil \u201cC\u201d 4 &#8211;\u00a0P\u00aa\u00a0Blaugrana\u00a0Trinitat\u00a0Vella\u00a01<\/strong><br><br>Partit en el qual els nostres Infantils del \u201cC\u201d van sortir \u201cmolt endollats\u201d des del primer minut, ja que en els primers vuit minuts de joc ja es marcava el 2 a 0. Defensivament la\u00a0Grama\u00a0va estar molt b\u00e9 i a poc a poc es va millorant tamb\u00e9 de cara a porteria.<\/p>\n\n\n\n<hr class=\"wp-block-separator\"\/>\n\n\n\n<p><strong>Infantil \u201cC\u201d 4 &#8211; P\u00aa Blaugrana Trinitat Vella 1<\/strong><\/p>\n\n\n\n<p>Partido en el que nuestros Infantiles del \u201cC\u201d salieron \u201cmuy enchufados\u201d desde el primer minuto, puesto que en los primeros ocho minutos de juego ya se marcaba el 2 a 0. Defensivamente la Grama estuvo muy bien y poco a poco se va mejorando tambi\u00e9n de cara a porter\u00eda.<\/p>\n\n\n\n<figure class=\"wp-block-image size-large\"><img loading=\"lazy\" decoding=\"async\" width=\"1024\" height=\"768\" src=\"http:\/\/fegrama.cat\/web\/wp-content\/uploads\/2022\/11\/infantil-c.jpeg\" alt=\"\" class=\"wp-image-31286\" srcset=\"http:\/\/fegrama.cat\/web\/wp-content\/uploads\/2022\/11\/infantil-c.jpeg 1024w, http:\/\/fegrama.cat\/web\/wp-content\/uploads\/2022\/11\/infantil-c-300x225.jpeg 300w, http:\/\/fegrama.cat\/web\/wp-content\/uploads\/2022\/11\/infantil-c-768x576.jpeg 768w\" sizes=\"auto, (max-width: 1024px) 100vw, 1024px\" \/><\/figure>\n\n\n\n<p><\/p>\n\n\n\n<hr class=\"wp-block-separator is-style-wide\"\/>\n\n\n\n<p><\/p>\n\n\n\n<p><strong>Infantil \u201cD\u201d 0 &#8211; Bufala 3<\/strong><\/p>\n\n\n\n<p>L&#8217;Infantil \u201cD\u201d va jugar una primera part molt bona tenint un penal en contra en l&#8217;\u00faltim moment que es va poder parar el porter.<br><br>En la segona part \u201cmolt endollats\u201d per\u00f2 amb errors que fan perdre el partit. Els canvis no van poder efectuar correctament.<br><br>Malgrat aix\u00f2, se segueix amb m\u00e9s il\u00b7lusi\u00f3 que mai i per m\u00e9s!<\/p>\n\n\n\n<hr class=\"wp-block-separator\"\/>\n\n\n\n<p><strong>Infantil \u201cD\u201d 0 &#8211; Bufala 3<\/strong><\/p>\n\n\n\n<p>El Infantil \u201cD\u201d jug\u00f3 una primera parte muy buena teniendo un penalti en contra en el \u00faltimo momento que se pudo parar el portero.<\/p>\n\n\n\n<p>En la segunda parte \u201cmuy enchufados\u201d pero con errores que hacen perder el partido. Los cambios no pudieron efectuar correctamente.<\/p>\n\n\n\n<p>A pesar de ello, se sigue con m\u00e1s ilusi\u00f3n que nunca \u00a1y a por m\u00e1s!<\/p>\n","protected":false},"excerpt":{"rendered":"<p>Infantil \u201cA\u201d 1 &#8211; Brafa 2 Partit molt millorable en el qual els nostres cometen dos errors que els condemnen. Malgrat aix\u00f2, la\u00a0Grama\u00a0es\u00a0vi\u00f3\u00a0superior durant tot el partit, una ll\u00e0stima el resultat, ja que van aconseguir generar molt. Toca millorar. Infantil \u201cA\u201d 1 &#8211; Brafa 2 Partido muy mejorable en el que los nuestros cometen dos [&hellip;]<\/p>\n","protected":false},"author":1,"featured_media":31286,"comment_status":"closed","ping_status":"closed","sticky":false,"template":"","format":"standard","meta":{"footnotes":""},"categories":[4,9],"tags":[],"class_list":["post-31285","post","type-post","status-publish","format-standard","has-post-thumbnail","hentry","category-base-inclusiu","category-infantils"],"_links":{"self":[{"href":"http:\/\/fegrama.cat\/web\/wp-json\/wp\/v2\/posts\/31285","targetHints":{"allow":["GET"]}}],"collection":[{"href":"http:\/\/fegrama.cat\/web\/wp-json\/wp\/v2\/posts"}],"about":[{"href":"http:\/\/fegrama.cat\/web\/wp-json\/wp\/v2\/types\/post"}],"author":[{"embeddable":true,"href":"http:\/\/fegrama.cat\/web\/wp-json\/wp\/v2\/users\/1"}],"replies":[{"embeddable":true,"href":"http:\/\/fegrama.cat\/web\/wp-json\/wp\/v2\/comments?post=31285"}],"version-history":[{"count":1,"href":"http:\/\/fegrama.cat\/web\/wp-json\/wp\/v2\/posts\/31285\/revisions"}],"predecessor-version":[{"id":31287,"href":"http:\/\/fegrama.cat\/web\/wp-json\/wp\/v2\/posts\/31285\/revisions\/31287"}],"wp:featuredmedia":[{"embeddable":true,"href":"http:\/\/fegrama.cat\/web\/wp-json\/wp\/v2\/media\/31286"}],"wp:attachment":[{"href":"http:\/\/fegrama.cat\/web\/wp-json\/wp\/v2\/media?parent=31285"}],"wp:term":[{"taxonomy":"category","embeddable":true,"href":"http:\/\/fegrama.cat\/web\/wp-json\/wp\/v2\/categories?post=31285"},{"taxonomy":"post_tag","embeddable":true,"href":"http:\/\/fegrama.cat\/web\/wp-json\/wp\/v2\/tags?post=31285"}],"curies":[{"name":"wp","href":"https:\/\/api.w.org\/{rel}","templated":true}]}}