{"id":31263,"date":"2022-10-30T19:57:31","date_gmt":"2022-10-30T18:57:31","guid":{"rendered":"http:\/\/fegrama.cat\/web\/?p=31263"},"modified":"2022-10-30T19:57:32","modified_gmt":"2022-10-30T18:57:32","slug":"croniques-dels-cadets-amb-la-victoria-del-d-4","status":"publish","type":"post","link":"http:\/\/fegrama.cat\/web\/croniques-dels-cadets-amb-la-victoria-del-d-4\/","title":{"rendered":"Cr\u00f2niques dels Cadets amb la vict\u00f2ria del \u00abD\u00bb"},"content":{"rendered":"\n<p><strong>Europa 1 &#8211; Cadet \u201cA\u201d 1<\/strong><\/p>\n\n\n\n<p>Partit estrany per als nostres en el qual no acabaven de trobar-se c\u00f2modes amb la pilota.<br><br>Moltes inseguretats i nervis que van precipitar la presa de decisions i el joc.<br><br>El positiu \u00e9s que els de la\u00a0Grama\u00a0van saber modificar comportaments quan el joc demanava aquesta adaptaci\u00f3, i sent molt m\u00e9s verticals de l&#8217;habitual van poder evitar encaixar m\u00e9s gols i generar una bona oportunitat de fer el segon.<br><br>Els nostres nois es van amb la sensaci\u00f3 que no van saber mantenir la seva identitat per\u00f2 descobrint noves facetes adaptatives i recursos que no dominaven tant.<br><br>Amb il\u00b7lusi\u00f3 i ganes de continuar millorant i aprenent pas a pas.<br><br>Seguim\ud83d\udcaa\ud83c\udffd<\/p>\n\n\n\n<hr class=\"wp-block-separator\"\/>\n\n\n\n<p><strong>Europa 1 &#8211; Cadete \u201cA\u201d 1<\/strong><\/p>\n\n\n\n<p>Partido extra\u00f1o para los nuestros en el que no acababan de encontrarse c\u00f3modos con el bal\u00f3n.<\/p>\n\n\n\n<p>Muchas inseguridades y nervios que precipitaron la toma de decisiones y el juego.&nbsp;<\/p>\n\n\n\n<p>Lo positivo es que los de la Grama supieron modificar comportamientos cu\u00e1ndo el juego ped\u00eda esa adaptaci\u00f3n, y siendo mucho m\u00e1s verticales de lo habitual pudieron evitar encajar m\u00e1s goles y generar una buena oportunidad de hacer el segundo.<\/p>\n\n\n\n<p>Nuestros chicos se van con la sensaci\u00f3n de que no supieron mantener su identidad pero descubriendo nuevas facetas adaptativas y recursos que no dominaban tanto.&nbsp;<\/p>\n\n\n\n<p>Con ilusi\u00f3n y ganas de seguir mejorando y aprendiendo paso a paso.&nbsp;<\/p>\n\n\n\n<p>Seguimos\ud83d\udcaa\ud83c\udffd<\/p>\n\n\n\n<p><\/p>\n\n\n\n<hr class=\"wp-block-separator is-style-wide\"\/>\n\n\n\n<p><\/p>\n\n\n\n<p><strong>Cadet \u201cB\u201d 2 &#8211; Alzamora 2<\/strong><\/p>\n\n\n\n<p>Un empat que fa gust de derrota, els de la\u00a0Grama\u00a0no van entendre el joc i no van aconseguir estar preparats en la fase de recuperaci\u00f3 quan el contrari jugava a un joc directe.<br><br>Queda encara treball per fer, aix\u00f2 no ha acabat, per\u00f2 amb la sensaci\u00f3 de no estar c\u00f2modes en cap moment, cal dir que s&#8217;emporten poques jornades i toca continuar treballant.<\/p>\n\n\n\n<p><\/p>\n\n\n\n<hr class=\"wp-block-separator\"\/>\n\n\n\n<p><strong>Cadete \u201cB\u201d 2 &#8211; Alzamora 2<\/strong><\/p>\n\n\n\n<p>Un empate que sabe a derrota, los de la Grama no entendieron el juego y no consiguieron estar preparados en la fase de recuperaci\u00f3n cuando el contrario jugaba a un juego directo.<\/p>\n\n\n\n<p>Queda a\u00fan trabajo por hacer, esto no ha acabado, pero con la sensaci\u00f3n de no estar c\u00f3modos en ning\u00fan momento, cabe decir que se llevan pocas jornadas y toca seguir trabajando.<\/p>\n\n\n\n<p><\/p>\n\n\n\n<hr class=\"wp-block-separator is-style-wide\"\/>\n\n\n\n<p><\/p>\n\n\n\n<p><strong>Cadet \u201cC\u201d 1 &#8211; Europa 5<\/strong><\/p>\n\n\n\n<p>Partit per a oblidar en el que la\u00a0Grama\u00a0va aconseguir posar-se per davant en el marcador, per\u00f2 l&#8217;equip no va saber estar a l&#8217;altura que demanava el partit per falta de concentraci\u00f3. En la segona meitat amb un jugador menys la cosa es va complicar i l&#8217;Europa ja va encap\u00e7alar el partit.<br><br>El cos t\u00e8cnic diu: Toca practicar molt per a donar-li la volta a aquesta situaci\u00f3.<br><br>Amb moltes ganes de seguir!<\/p>\n\n\n\n<hr class=\"wp-block-separator\"\/>\n\n\n\n<p><strong>Cadete \u201cC\u201d 1 &#8211; Europa 5<\/strong><\/p>\n\n\n\n<p>Partido para olvidar en el que la Grama consigui\u00f3 ponerse por delante en el marcador, pero el equipo no supo estar a la altura que ped\u00eda el partido por falta de concentraci\u00f3n. En la segunda mitad con un jugador menos la cosa se complic\u00f3 y el Europa ya encabez\u00f3 el partido.<\/p>\n\n\n\n<p>El cuerpo t\u00e9cnico dice: Toca practicar mucho para darle la vuelta a esta situaci\u00f3n.\u00a0<\/p>\n\n\n\n<p>\u00a1Con muchas ganas de seguir!<\/p>\n\n\n\n<p><\/p>\n\n\n\n<hr class=\"wp-block-separator is-style-wide\"\/>\n\n\n\n<p><\/p>\n\n\n\n<p><strong>Cadet \u201cD\u201d 5 &#8211; Monta\u00f1esa 0\u00a0<\/strong><\/p>\n\n\n\n<p>Un partit pl\u00e0cid on els nostres van jugar uns incre\u00efbles quaranta minuts, en la segona part es van comen\u00e7ar a notar els canvis i la baixa de rendiment, per\u00f2 toca continuar treballant i sumant!<\/p>\n\n\n\n<figure class=\"wp-block-image size-large\"><img loading=\"lazy\" decoding=\"async\" width=\"1024\" height=\"683\" src=\"http:\/\/fegrama.cat\/web\/wp-content\/uploads\/2022\/10\/CADETE-D-1024x683.jpeg\" alt=\"\" class=\"wp-image-31264\" srcset=\"http:\/\/fegrama.cat\/web\/wp-content\/uploads\/2022\/10\/CADETE-D-1024x683.jpeg 1024w, http:\/\/fegrama.cat\/web\/wp-content\/uploads\/2022\/10\/CADETE-D-300x200.jpeg 300w, http:\/\/fegrama.cat\/web\/wp-content\/uploads\/2022\/10\/CADETE-D-768x512.jpeg 768w, http:\/\/fegrama.cat\/web\/wp-content\/uploads\/2022\/10\/CADETE-D-1536x1024.jpeg 1536w, http:\/\/fegrama.cat\/web\/wp-content\/uploads\/2022\/10\/CADETE-D.jpeg 1599w\" sizes=\"auto, (max-width: 1024px) 100vw, 1024px\" \/><\/figure>\n\n\n\n<hr class=\"wp-block-separator\"\/>\n\n\n\n<p><strong>Cadete \u201cD\u201d 5 &#8211; Monta\u00f1esa 0\u00a0<\/strong><\/p>\n\n\n\n<p>Un partido pl\u00e1cido donde los nuestros jugaron unos incre\u00edbles cuarenta minutos, en la segunda parte se empezaron a notar los cambios y la baja de rendimiento, pero toca seguir trabajando y sumando!<\/p>\n","protected":false},"excerpt":{"rendered":"<p>Europa 1 &#8211; Cadet \u201cA\u201d 1 Partit estrany per als nostres en el qual no acabaven de trobar-se c\u00f2modes amb la pilota. Moltes inseguretats i nervis que van precipitar la presa de decisions i el joc. El positiu \u00e9s que els de la\u00a0Grama\u00a0van saber modificar comportaments quan el joc demanava aquesta adaptaci\u00f3, i sent molt [&hellip;]<\/p>\n","protected":false},"author":1,"featured_media":31264,"comment_status":"closed","ping_status":"closed","sticky":false,"template":"","format":"standard","meta":{"footnotes":""},"categories":[4,7],"tags":[],"class_list":["post-31263","post","type-post","status-publish","format-standard","has-post-thumbnail","hentry","category-base-inclusiu","category-cadets"],"_links":{"self":[{"href":"http:\/\/fegrama.cat\/web\/wp-json\/wp\/v2\/posts\/31263","targetHints":{"allow":["GET"]}}],"collection":[{"href":"http:\/\/fegrama.cat\/web\/wp-json\/wp\/v2\/posts"}],"about":[{"href":"http:\/\/fegrama.cat\/web\/wp-json\/wp\/v2\/types\/post"}],"author":[{"embeddable":true,"href":"http:\/\/fegrama.cat\/web\/wp-json\/wp\/v2\/users\/1"}],"replies":[{"embeddable":true,"href":"http:\/\/fegrama.cat\/web\/wp-json\/wp\/v2\/comments?post=31263"}],"version-history":[{"count":1,"href":"http:\/\/fegrama.cat\/web\/wp-json\/wp\/v2\/posts\/31263\/revisions"}],"predecessor-version":[{"id":31265,"href":"http:\/\/fegrama.cat\/web\/wp-json\/wp\/v2\/posts\/31263\/revisions\/31265"}],"wp:featuredmedia":[{"embeddable":true,"href":"http:\/\/fegrama.cat\/web\/wp-json\/wp\/v2\/media\/31264"}],"wp:attachment":[{"href":"http:\/\/fegrama.cat\/web\/wp-json\/wp\/v2\/media?parent=31263"}],"wp:term":[{"taxonomy":"category","embeddable":true,"href":"http:\/\/fegrama.cat\/web\/wp-json\/wp\/v2\/categories?post=31263"},{"taxonomy":"post_tag","embeddable":true,"href":"http:\/\/fegrama.cat\/web\/wp-json\/wp\/v2\/tags?post=31263"}],"curies":[{"name":"wp","href":"https:\/\/api.w.org\/{rel}","templated":true}]}}