{"id":31256,"date":"2022-10-24T22:08:52","date_gmt":"2022-10-24T21:08:52","guid":{"rendered":"http:\/\/fegrama.cat\/web\/?p=31256"},"modified":"2022-10-24T22:08:53","modified_gmt":"2022-10-24T21:08:53","slug":"croniques-dels-cadets-amb-la-victoria-del-d-3","status":"publish","type":"post","link":"http:\/\/fegrama.cat\/web\/croniques-dels-cadets-amb-la-victoria-del-d-3\/","title":{"rendered":"Cr\u00f2niques dels Cadets amb la vict\u00f2ria del \u00abD\u00bb"},"content":{"rendered":"\n<p><strong>Cadet \u201cA\u201d 1 &#8211; CF Damm 2<\/strong><\/p>\n\n\n\n<p>Els nois del Cadet \u201cA\u201d entren tard al partit, la qual cosa fa que la concentraci\u00f3 no arrib\u00e9s aviat i amb un error encaixen el primer gol. A poc a poc van guanyant confian\u00e7a i comencen a generar ocasions, per\u00f2 costa molt materialitzar-les. Sense pilota, costa calcular les traject\u00f2ries quan pressionaven i van sofrir a l&#8217;esquena per aix\u00f2. Un nou error en sortida de pilota \u00e9s el que dona l&#8217;1 a 2 on la\u00a0Grama\u00a0continua generant per\u00f2 no aconsegueix marcar.<br><br>Sensaci\u00f3 que a poc a poc es continua millorant \u00e9s la que t\u00e9 el cos t\u00e8cnic, per\u00f2 encara queda molt cam\u00ed per rec\u00f3rrer.<br><br>Seguim!<\/p>\n\n\n\n<p><\/p>\n\n\n\n<hr class=\"wp-block-separator\"\/>\n\n\n\n<p><\/p>\n\n\n\n<p><strong>Cadete \u201cA\u201d 1 &#8211; CF Damm 2<\/strong><\/p>\n\n\n\n<p>Los chicos del Cadete \u201cA\u201d entran tarde al partido, lo que hace que la concentraci\u00f3n no llegase pronto y con un error encajan el primer gol. Poco a poco van ganando confianza y empiezan a generar ocasiones, pero cuesta mucho materializarlas. Sin pelota, cuesta calcular las trayectorias cu\u00e1ndo presionaban y sufrieron a las espaldas por ello. Un nuevo error en salida de pelota es lo que da el 1 a 2 d\u00f3nde la Grama sigue generando pero no consigue marcar.&nbsp;<\/p>\n\n\n\n<p>Sensaci\u00f3n de que poco a poco se sigue mejorando es la que tiene el cuerpo t\u00e9cnico, pero a\u00fan queda mucho camino por recorrer.<\/p>\n\n\n\n<p>\u00a1Seguimos!<\/p>\n\n\n\n<p><\/p>\n\n\n\n<p><\/p>\n\n\n\n<hr class=\"wp-block-separator is-style-wide\"\/>\n\n\n\n<p><\/p>\n\n\n\n<p><strong>Anguera 1 &#8211; Cadet \u201cB\u201d 1<\/strong><\/p>\n\n\n\n<p>Partit en un camp molt dif\u00edcil, on tots dos equips van competir b\u00e9, per\u00f2 en la segona part els de la\u00a0Grama\u00a0s\u00f3n superiors malgrat haver jugat els \u00faltims vint minuts amb deu jugadors, i els \u00faltims set minuts amb nou a causa de la quantitat de lesions que van succeir. Per no tenir m\u00e9s finestres de canvi, l&#8217;equip va haver de lluitar fins al final per aquest empat. L&#8217;equip va estar ambici\u00f3s i encertat en la disposici\u00f3 mitjan\u00e7ant joc directe i en la recuperaci\u00f3\u00a0tambi\u00e9\u00a0per\u00f2 no es va poder m\u00e9s.<br><br>Toca continuar millorant perqu\u00e8 arribin els resultats.<\/p>\n\n\n\n<hr class=\"wp-block-separator\"\/>\n\n\n\n<p><\/p>\n\n\n\n<p><strong>Anguera 1 &#8211; Cadete \u201cB\u201d 1<\/strong><\/p>\n\n\n\n<p>Partido en un campo muy dif\u00edcil, donde ambos equipos compitieron bien, pero en la segunda parte los de la Grama son superiores pese a haber jugado los \u00faltimos veinte minutos con diez jugadores, y los \u00faltimos siete minutos con nueve debido a la cantidad de lesiones que sucedieron. Por no tener m\u00e1s ventanas de cambio, el equipo tuvo que luchar hasta el final por ese empate. El equipo estuvo ambicioso y acertado en la disposici\u00f3n mediante juego directo y en la recuperaci\u00f3n tambi\u00e9 pero no se pudo m\u00e1s.<\/p>\n\n\n\n<p>Toca seguir mejorando para que lleguen los resultados.<\/p>\n\n\n\n<p><\/p>\n\n\n\n<hr class=\"wp-block-separator is-style-wide\"\/>\n\n\n\n<p><\/p>\n\n\n\n<p><strong>Collblanc Torrasa 2 &#8211; Cadet \u201cC\u201d 1<\/strong><\/p>\n\n\n\n<p>Partit davant un rival que es va trobar amb dos gols despr\u00e9s d&#8217;una baixada competitiva de l&#8217;equip. Partit en el qual els nostres van generar ocasions de sobres per a tancar-ho, per\u00f2 la pilota no va entrar. Cal millorar en la finalitzaci\u00f3. A continuar treballant per a tornar a trobar bones sensacions.<\/p>\n\n\n\n<p><\/p>\n\n\n\n<hr class=\"wp-block-separator\"\/>\n\n\n\n<p><\/p>\n\n\n\n<p><strong>Collblanc Torrasa 2 &#8211; Cadete \u201cC\u201d 1<\/strong><\/p>\n\n\n\n<p>Partido ante un rival que se encontr\u00f3 con dos goles tras un baj\u00f3n competitivo del equipo. Partido en el que los nuestros generaron ocasiones de sobra para cerrarlo, pero la pelota no entr\u00f3. Hay que mejorar en la finalizaci\u00f3n. A seguir trabajando para volver a encontrar buenas sensaciones.<\/p>\n\n\n\n<p><\/p>\n\n\n\n<p><\/p>\n\n\n\n<hr class=\"wp-block-separator is-style-wide\"\/>\n\n\n\n<p><\/p>\n\n\n\n<p><strong>Sant Ignasi 0 &#8211; Cadet \u201cD\u201d 4\u00a0<\/strong><\/p>\n\n\n\n<p>Partit controlat de principi a fi pels de la\u00a0Grama\u00a0com es pot veure en el resultat final. Ja des del principi de joc es va comen\u00e7ar a marcar i tot va anar m\u00e9s f\u00e0cil.<br><br>Una segona part m\u00e9s tranquil\u00b7la ens deixa bones sensacions per a la setmana que ve.<\/p>\n\n\n\n<p><\/p>\n\n\n\n<hr class=\"wp-block-separator\"\/>\n\n\n\n<p><\/p>\n\n\n\n<p><strong>Sant Ignasi 0 &#8211; Cadete \u201cD\u201d 4\u00a0<\/strong><\/p>\n\n\n\n<p>Partido controlado de principio a fin por los de la Grama c\u00f3mo se puede ver en el resultado final. Ya desde el principio de juego se empez\u00f3 a marcar y todo fu\u00e9 m\u00e1s f\u00e1cil.<\/p>\n\n\n\n<p>Una segunda parte m\u00e1s tranquila nos deja buenas sensaciones para la semana que viene.<\/p>\n","protected":false},"excerpt":{"rendered":"<p>Cadet \u201cA\u201d 1 &#8211; CF Damm 2 Els nois del Cadet \u201cA\u201d entren tard al partit, la qual cosa fa que la concentraci\u00f3 no arrib\u00e9s aviat i amb un error encaixen el primer gol. A poc a poc van guanyant confian\u00e7a i comencen a generar ocasions, per\u00f2 costa molt materialitzar-les. Sense pilota, costa calcular les [&hellip;]<\/p>\n","protected":false},"author":1,"featured_media":31257,"comment_status":"closed","ping_status":"closed","sticky":false,"template":"","format":"standard","meta":{"footnotes":""},"categories":[4,7],"tags":[],"class_list":["post-31256","post","type-post","status-publish","format-standard","has-post-thumbnail","hentry","category-base-inclusiu","category-cadets"],"_links":{"self":[{"href":"http:\/\/fegrama.cat\/web\/wp-json\/wp\/v2\/posts\/31256","targetHints":{"allow":["GET"]}}],"collection":[{"href":"http:\/\/fegrama.cat\/web\/wp-json\/wp\/v2\/posts"}],"about":[{"href":"http:\/\/fegrama.cat\/web\/wp-json\/wp\/v2\/types\/post"}],"author":[{"embeddable":true,"href":"http:\/\/fegrama.cat\/web\/wp-json\/wp\/v2\/users\/1"}],"replies":[{"embeddable":true,"href":"http:\/\/fegrama.cat\/web\/wp-json\/wp\/v2\/comments?post=31256"}],"version-history":[{"count":1,"href":"http:\/\/fegrama.cat\/web\/wp-json\/wp\/v2\/posts\/31256\/revisions"}],"predecessor-version":[{"id":31258,"href":"http:\/\/fegrama.cat\/web\/wp-json\/wp\/v2\/posts\/31256\/revisions\/31258"}],"wp:featuredmedia":[{"embeddable":true,"href":"http:\/\/fegrama.cat\/web\/wp-json\/wp\/v2\/media\/31257"}],"wp:attachment":[{"href":"http:\/\/fegrama.cat\/web\/wp-json\/wp\/v2\/media?parent=31256"}],"wp:term":[{"taxonomy":"category","embeddable":true,"href":"http:\/\/fegrama.cat\/web\/wp-json\/wp\/v2\/categories?post=31256"},{"taxonomy":"post_tag","embeddable":true,"href":"http:\/\/fegrama.cat\/web\/wp-json\/wp\/v2\/tags?post=31256"}],"curies":[{"name":"wp","href":"https:\/\/api.w.org\/{rel}","templated":true}]}}