{"id":31245,"date":"2022-10-23T19:20:18","date_gmt":"2022-10-23T18:20:18","guid":{"rendered":"http:\/\/fegrama.cat\/web\/?p=31245"},"modified":"2022-10-23T19:20:20","modified_gmt":"2022-10-23T18:20:20","slug":"dues-victories-mes-pels-juvenils-del-femeni","status":"publish","type":"post","link":"http:\/\/fegrama.cat\/web\/dues-victories-mes-pels-juvenils-del-femeni\/","title":{"rendered":"Dues vict\u00f2ries m\u00e9s pels Juvenils del Femen\u00ed"},"content":{"rendered":"\n<p><\/p>\n\n\n\n<p>Cap de setmana en el qual les nostres noies de la&nbsp;Grama&nbsp;tornen a guanyar, tant el Juvenil \u201cA\u201d com el \u201cB\u201d, continuen sent les guerreres que no es rendeixen.<\/p>\n\n\n\n<p>Per part del Juvenil \u201cA\u201d es va aconseguir un resultat de 4 a 0 contra el Viladecans, en un partit dominat de PRINCIPI A FI. Amb una bon\u00edssima intensitat de les noies que no van deixar pensar al rival en cap moment. El resultat va ser molt bo contra un rival que \u00e9s directe, per\u00f2 les de la&nbsp;Grama&nbsp;continuaran treballant per a seguir en aquesta l\u00ednia i fins i tot anar per m\u00e9s!<\/p>\n\n\n\n<p>D&#8217;altra banda el Juvenil \u201cB\u201d va quedar 9 a 2 contra el\u00a0Women\u2019s\u00a0Soccer\u00a0School\u00a0en un partit que tamb\u00e9 van dominar les nostres de principi a fi. Malgrat aix\u00f2 van haver fallades puntuals en defensa, compensats amb l&#8217;efectivitat d&#8217;atac.<br><br>A seguir!<\/p>\n\n\n\n<p><\/p>\n\n\n\n<hr class=\"wp-block-separator\"\/>\n\n\n\n<p><\/p>\n\n\n\n<p>Fin de semana en el que nuestras chicas de la Grama vuelven a ganar, tanto el Juvenil \u201cA\u201d como el \u201cB\u201d, siguen siendo las guerreras que no se rinden.<\/p>\n\n\n\n<p>Por parte del Juvenil \u201cA\u201d se consigui\u00f3 un resultado de 4 a 0 contra el Viladecans, en un partido dominado de PRINCIPIO A FIN. Con una buen\u00edsima intensidad de las chicas que no dejaron pensar al rival en ning\u00fan momento. El resultado fue muy bueno contra un rival que es directo, pero las de la Grama seguir\u00e1n trabajando para seguir en esta l\u00ednea \u00a1e incluso ir a por m\u00e1s!<\/p>\n\n\n\n<p>Por otra parte el Juvenil \u201cB\u201d qued\u00f3 9 a 2 contra el Women\u2019s Soccer School en un partido que tambi\u00e9n dominaron las nuestras de principio a fin. A pesar de ello hubieron fallos puntuales en defensa, compensados con la efectividad de ataque.<\/p>\n\n\n\n<p>\u00a1A seguir!<\/p>\n","protected":false},"excerpt":{"rendered":"<p>Cap de setmana en el qual les nostres noies de la&nbsp;Grama&nbsp;tornen a guanyar, tant el Juvenil \u201cA\u201d com el \u201cB\u201d, continuen sent les guerreres que no es rendeixen. Per part del Juvenil \u201cA\u201d es va aconseguir un resultat de 4 a 0 contra el Viladecans, en un partit dominat de PRINCIPI A FI. Amb una [&hellip;]<\/p>\n","protected":false},"author":1,"featured_media":31246,"comment_status":"closed","ping_status":"closed","sticky":false,"template":"","format":"standard","meta":{"footnotes":""},"categories":[4,13],"tags":[],"class_list":["post-31245","post","type-post","status-publish","format-standard","has-post-thumbnail","hentry","category-base-inclusiu","category-femeni"],"_links":{"self":[{"href":"http:\/\/fegrama.cat\/web\/wp-json\/wp\/v2\/posts\/31245","targetHints":{"allow":["GET"]}}],"collection":[{"href":"http:\/\/fegrama.cat\/web\/wp-json\/wp\/v2\/posts"}],"about":[{"href":"http:\/\/fegrama.cat\/web\/wp-json\/wp\/v2\/types\/post"}],"author":[{"embeddable":true,"href":"http:\/\/fegrama.cat\/web\/wp-json\/wp\/v2\/users\/1"}],"replies":[{"embeddable":true,"href":"http:\/\/fegrama.cat\/web\/wp-json\/wp\/v2\/comments?post=31245"}],"version-history":[{"count":1,"href":"http:\/\/fegrama.cat\/web\/wp-json\/wp\/v2\/posts\/31245\/revisions"}],"predecessor-version":[{"id":31247,"href":"http:\/\/fegrama.cat\/web\/wp-json\/wp\/v2\/posts\/31245\/revisions\/31247"}],"wp:featuredmedia":[{"embeddable":true,"href":"http:\/\/fegrama.cat\/web\/wp-json\/wp\/v2\/media\/31246"}],"wp:attachment":[{"href":"http:\/\/fegrama.cat\/web\/wp-json\/wp\/v2\/media?parent=31245"}],"wp:term":[{"taxonomy":"category","embeddable":true,"href":"http:\/\/fegrama.cat\/web\/wp-json\/wp\/v2\/categories?post=31245"},{"taxonomy":"post_tag","embeddable":true,"href":"http:\/\/fegrama.cat\/web\/wp-json\/wp\/v2\/tags?post=31245"}],"curies":[{"name":"wp","href":"https:\/\/api.w.org\/{rel}","templated":true}]}}