{"id":31232,"date":"2022-10-23T18:32:37","date_gmt":"2022-10-23T17:32:37","guid":{"rendered":"http:\/\/fegrama.cat\/web\/?p=31232"},"modified":"2022-10-23T18:32:38","modified_gmt":"2022-10-23T17:32:38","slug":"empat-del-juvenil-a-contra-el-mallorca","status":"publish","type":"post","link":"http:\/\/fegrama.cat\/web\/empat-del-juvenil-a-contra-el-mallorca\/","title":{"rendered":"Empat del Juvenil \u00abA\u00bb contra el Mallorca"},"content":{"rendered":"\n<p><strong>Juvenil \u00abA\u00bb 1 &#8211;\u00a0RDC. Mallorca 1<\/strong><\/p>\n\n\n\n<p>El Juvenil \u00abA\u00bb va disputar el seu partit setmanal en el Municipal contra&nbsp;el Mallorca. Un partit igualat, amb un bon control de la pilota per part&nbsp;del Mallorca, per\u00f2 sense generar ocasions gr\u00e0cies a la bon\u00edssima disposici\u00f3 defensiva de la Grama.<\/p>\n\n\n\n<p>Despr\u00e9s del descans, mateixa t\u00f2nica, per\u00f2 la Grama s&#8217;avan\u00e7ava en el marcador a quatre minuts de comen\u00e7ar la segona part amb una \u00aburpada\u00bb d&#8217;Iker&nbsp;\u00c1lvarez. Al cap de quinze minuts, l&#8217;equip contrari va empatar als nostres per una jugada \u00abembrollada\u00bb, aix\u00f2 sumant l&#8217;expulsi\u00f3 de V\u00edctor Serrano que va fer sofrir a l&#8217;equip fins al xiulet final.<\/p>\n\n\n\n<p>L&#8217;empat va ser meritori i s\u00f3n tres partits seguits sense perdre.<br>A seguir equip!<\/p>\n\n\n\n<figure class=\"wp-block-image size-large\"><img loading=\"lazy\" decoding=\"async\" width=\"1024\" height=\"575\" src=\"http:\/\/fegrama.cat\/web\/wp-content\/uploads\/2022\/10\/JUVENIL-22A22-MASC.-1024x575.jpeg\" alt=\"\" class=\"wp-image-31233\" srcset=\"http:\/\/fegrama.cat\/web\/wp-content\/uploads\/2022\/10\/JUVENIL-22A22-MASC.-1024x575.jpeg 1024w, http:\/\/fegrama.cat\/web\/wp-content\/uploads\/2022\/10\/JUVENIL-22A22-MASC.-300x168.jpeg 300w, http:\/\/fegrama.cat\/web\/wp-content\/uploads\/2022\/10\/JUVENIL-22A22-MASC.-768x431.jpeg 768w, http:\/\/fegrama.cat\/web\/wp-content\/uploads\/2022\/10\/JUVENIL-22A22-MASC.-1536x863.jpeg 1536w, http:\/\/fegrama.cat\/web\/wp-content\/uploads\/2022\/10\/JUVENIL-22A22-MASC..jpeg 2048w\" sizes=\"auto, (max-width: 1024px) 100vw, 1024px\" \/><\/figure>\n\n\n\n<p><\/p>\n\n\n\n<hr class=\"wp-block-separator\"\/>\n\n\n\n<p><\/p>\n\n\n\n<p><strong>Juvenil \u201cA\u201d 1 &#8211; RDC. Mallorca 1<\/strong><\/p>\n\n\n\n<p>El Juvenil \u201cA\u201d disput\u00f3 su partido semanal en el Municipal contra el Mallorca. Un partido igualado, con un buen control del bal\u00f3n por parte del Mallorca, pero sin generar ocasiones gracias a la buen\u00edsima disposici\u00f3n defensiva de la Grama.<\/p>\n\n\n\n<p>Despu\u00e9s del descanso, misma t\u00f3nica, pero la Grama se adelantaba en el marcador a cuatro minutos de empezar la segunda parte con un \u201czarpazo\u201d de Iker \u00c1lvarez. A los quince minutos, el equipo contrario empat\u00f3 a los nuestros por una jugada \u201cembarullada\u201d, eso sumando la expulsi\u00f3n de V\u00edctor Serrano que hizo sufrir al equipo hasta el pitido final.<\/p>\n\n\n\n<p>El empate fue meritorio y son tres partidos seguidos sin perder.<\/p>\n\n\n\n<p>\u00a1A seguir equipo!<\/p>\n","protected":false},"excerpt":{"rendered":"<p>Juvenil \u00abA\u00bb 1 &#8211;\u00a0RDC. Mallorca 1 El Juvenil \u00abA\u00bb va disputar el seu partit setmanal en el Municipal contra&nbsp;el Mallorca. Un partit igualat, amb un bon control de la pilota per part&nbsp;del Mallorca, per\u00f2 sense generar ocasions gr\u00e0cies a la bon\u00edssima disposici\u00f3 defensiva de la Grama. Despr\u00e9s del descans, mateixa t\u00f2nica, per\u00f2 la Grama s&#8217;avan\u00e7ava [&hellip;]<\/p>\n","protected":false},"author":1,"featured_media":31233,"comment_status":"closed","ping_status":"closed","sticky":false,"template":"","format":"standard","meta":{"footnotes":""},"categories":[4,6],"tags":[],"class_list":["post-31232","post","type-post","status-publish","format-standard","has-post-thumbnail","hentry","category-base-inclusiu","category-juvenils"],"_links":{"self":[{"href":"http:\/\/fegrama.cat\/web\/wp-json\/wp\/v2\/posts\/31232","targetHints":{"allow":["GET"]}}],"collection":[{"href":"http:\/\/fegrama.cat\/web\/wp-json\/wp\/v2\/posts"}],"about":[{"href":"http:\/\/fegrama.cat\/web\/wp-json\/wp\/v2\/types\/post"}],"author":[{"embeddable":true,"href":"http:\/\/fegrama.cat\/web\/wp-json\/wp\/v2\/users\/1"}],"replies":[{"embeddable":true,"href":"http:\/\/fegrama.cat\/web\/wp-json\/wp\/v2\/comments?post=31232"}],"version-history":[{"count":1,"href":"http:\/\/fegrama.cat\/web\/wp-json\/wp\/v2\/posts\/31232\/revisions"}],"predecessor-version":[{"id":31234,"href":"http:\/\/fegrama.cat\/web\/wp-json\/wp\/v2\/posts\/31232\/revisions\/31234"}],"wp:featuredmedia":[{"embeddable":true,"href":"http:\/\/fegrama.cat\/web\/wp-json\/wp\/v2\/media\/31233"}],"wp:attachment":[{"href":"http:\/\/fegrama.cat\/web\/wp-json\/wp\/v2\/media?parent=31232"}],"wp:term":[{"taxonomy":"category","embeddable":true,"href":"http:\/\/fegrama.cat\/web\/wp-json\/wp\/v2\/categories?post=31232"},{"taxonomy":"post_tag","embeddable":true,"href":"http:\/\/fegrama.cat\/web\/wp-json\/wp\/v2\/tags?post=31232"}],"curies":[{"name":"wp","href":"https:\/\/api.w.org\/{rel}","templated":true}]}}