{"id":31226,"date":"2022-10-18T22:45:40","date_gmt":"2022-10-18T21:45:40","guid":{"rendered":"http:\/\/fegrama.cat\/web\/?p=31226"},"modified":"2022-10-18T22:45:42","modified_gmt":"2022-10-18T21:45:42","slug":"croniques-dels-alevins","status":"publish","type":"post","link":"http:\/\/fegrama.cat\/web\/croniques-dels-alevins\/","title":{"rendered":"Cr\u00f2niques dels Alevins!"},"content":{"rendered":"\n<p><strong>Europa 1 &#8211; Alev\u00ed \u201cA\u201d 4<\/strong><\/p>\n\n\n\n<p>El partit de l&#8217;Alev\u00ed \u00abA\u00bb va ser molt seri\u00f3s sense pilota, ocupant molt b\u00e9 els espais en el camp, arribant a les ajudes, cobertures, marcatges dins de l&#8217;\u00e0rea, etc. Als nostres els va costar una mica la pilota, ja que el rival pressionava b\u00e9, per\u00f2 la Grama tamb\u00e9 va desaprofitar alguna oportunitat.<\/p>\n\n\n\n<p>Despr\u00e9s de robar la pilota, es va poder trobar espais lliures i donar el resultat final d&#8217;1 a 4 donant la vict\u00f2ria als nostres.<\/p>\n\n\n\n<p><\/p>\n\n\n\n<hr class=\"wp-block-separator\"\/>\n\n\n\n<p><\/p>\n\n\n\n<p><strong>Europa 1 &#8211; Alev\u00edn \u201cA\u201d 4<\/strong><\/p>\n\n\n\n<p>El partido del Alev\u00edn \u201cA\u201d fue muy serio sin bal\u00f3n, ocupando muy bien los espacios en el campo, llegando a las ayudas, coberturas, marcajes dentro del \u00e1rea, etc. A los nuestros les cost\u00f3 un poco el bal\u00f3n, ya que el rival presionaba bien, pero a\u00fan as\u00ed la Grama desaprovech\u00f3 alguna que otra oportunidad.&nbsp;<\/p>\n\n\n\n<p>Tras robar el bal\u00f3n, se pudo encontrar espacios libres y dar el resultado final de 1 a 4 dando la victoria a los nuestros.<\/p>\n\n\n\n<p><\/p>\n\n\n\n<hr class=\"wp-block-separator is-style-wide\"\/>\n\n\n\n<p><\/p>\n\n\n\n<p><strong>Alev\u00ed \u201cC\u201d 3 &#8211; C.D. Masnou \u201cA\u201d 5<\/strong><\/p>\n\n\n\n<p>Partit en el qual, malgrat generar moltes ocasions de qualitat, no s&#8217;aprofiten. El resultat ve condicionat per errors en la sortida, per\u00f2 malgrat aix\u00f2 el cos t\u00e8cnic es mostra content per les sensacions i les millores visibles en les setmanes anteriors.<\/p>\n\n\n\n<p><\/p>\n\n\n\n<hr class=\"wp-block-separator\"\/>\n\n\n\n<p><\/p>\n\n\n\n<p><strong>Alev\u00edn \u201cC\u201d 3 &#8211; C.D. Masnou \u201cA\u201d 5<\/strong><\/p>\n\n\n\n<p>Partido en el que, a pesar de generar muchas ocasiones de calidad, no se aprovechan. El resultado viene condicionado por errores en la salida, pero a pesar de eso el cuerpo t\u00e9cnico se muestra contento por las sensaciones y las mejoras visibles en las semanas anteriores.<\/p>\n\n\n\n<p><\/p>\n\n\n\n<hr class=\"wp-block-separator is-style-wide\"\/>\n\n\n\n<p><\/p>\n\n\n\n<p><strong>APA Poble Sec 18 &#8211; Alev\u00edn \u201cE\u201d 2<\/strong><\/p>\n\n\n\n<p>Partit on els de la Grama es van veure perduts pel camp sense saber qu\u00e8 fer davant un rival tan fort i exigent. Cal recordar que s\u00f3n nens i que les dues vegades que han aconseguit arribar a porteria, la pilota ha entrat. Aix\u00ed que toca continuar treballant i lluitant per a aconseguir resultats m\u00e9s inflats.<\/p>\n\n\n\n<p><\/p>\n\n\n\n<hr class=\"wp-block-separator\"\/>\n\n\n\n<p><\/p>\n\n\n\n<p><strong>APA Poble Sec 18 &#8211; Alev\u00edn \u201cE\u201d 2<\/strong><\/p>\n\n\n\n<p>Partido d\u00f3nde los de la Grama se vieron perdidos por el campo sin saber qu\u00e9 hacer ante un rival tan fuerte y exigente. Hay que recordar que son ni\u00f1os y que las dos veces que han conseguido llegar a porter\u00eda, la pelota ha entrado. As\u00ed que toca seguir trabajando y luchando para conseguir resultados m\u00e1s abultados.<\/p>\n\n\n\n<p><\/p>\n\n\n\n<hr class=\"wp-block-separator is-style-wide\"\/>\n\n\n\n<p><\/p>\n\n\n\n<p><strong>Alev\u00ed \u201cD\u201d 8 &#8211; Pont Marina 2<\/strong><\/p>\n\n\n\n<p>Victoria de l&#8217;Alev\u00ed \u201cD\u201d que va venir despr\u00e9s de molta feina i esfor\u00e7 en els\u00a0entrenos, reflectit en el camp. Els de la\u00a0Grama\u00a0en tot moment van saber dominar al rival sent protagonistes amb la pilota.<br>A continuar treballant aix\u00ed!<\/p>\n\n\n\n<p><\/p>\n\n\n\n<hr class=\"wp-block-separator\"\/>\n\n\n\n<p><\/p>\n\n\n\n<p><strong>Alev\u00edn \u201cD\u201d 8 &#8211; Pont Marina 2<\/strong><\/p>\n\n\n\n<p>Victoria del Alev\u00edn \u201cD\u201d que vino despu\u00e9s de mucho trabajo y esfuerzo en los entrenos, reflejado en el campo. Los de la Grama en todo momento supieron dominar al rival siendo protagonistas con el bal\u00f3n.<br>\u00a1A seguir trabajando as\u00ed!<\/p>\n\n\n\n<p><\/p>\n\n\n\n<hr class=\"wp-block-separator is-style-wide\"\/>\n\n\n\n<p><\/p>\n\n\n\n<p><strong>Don Bosco 5 &#8211; Alev\u00ed \u201cF\u201d 5<\/strong><\/p>\n\n\n\n<p>L&#8217;Alev\u00ed \u201cF\u201d va jugar un partit dif\u00edcil en un camp de dimensions redu\u00efdes.<br>La&nbsp;Grama&nbsp;va comen\u00e7ar marcant primer, per\u00f2 ja s&#8217;intu\u00efen que en el futbol directe al qual jugava el rival, podien fer mal als nostres. Aix\u00ed va ser i en dos errors per falta d&#8217;intensitat es va posar el 2 a 1. Van comen\u00e7ar a triangular m\u00e9s i van poder empatar. Finalment en els \u00faltims minuts del que va poder ser el 2 a 5 es va passar a un 3-4. Els nervis i el cansament van fer \u201cmella\u201di&nbsp;els contraris van aconseguir remuntar amb un 5 a 4. La&nbsp;Grama&nbsp;que no es rendia i&nbsp;volvio&nbsp;a pujar la intensitat va aconseguir l&#8217;empat a 5.<\/p>\n\n\n\n<p>El partit va ensenyar que no cal baixar molt la intensitat i que qualsevol rival si est\u00e0 m\u00e9s intens, pot guanyar. Punt que fa gust de poc pel que es va veure en el terreny de joc.<\/p>\n\n\n\n<hr class=\"wp-block-separator\"\/>\n\n\n\n<p><\/p>\n\n\n\n<p><strong>Don Bosco 5 &#8211; Alev\u00edn \u201cF\u201d 5<\/strong><\/p>\n\n\n\n<p>El Alev\u00edn \u201cF\u201d jug\u00f3 un partido dif\u00edcil en un campo de dimensiones reducidas.<\/p>\n\n\n\n<p>La Grama empez\u00f3 marcando primero, pero ya se intu\u00edan que en el f\u00fatbol directo al que jugaba el rival, pod\u00edan hacer da\u00f1o a los nuestros. As\u00ed fue y en dos errores por falta de intensidad se puso el 2 a 1. Empezaron a triangular m\u00e1s y pudieron empatar. Finalmente en los \u00faltimos minutos de lo que pudo ser el 2 a 5 se pas\u00f3 a un 3-4. Los nervios y el cansancio hicieron \u201cmella\u201dy los contrarios consiguieron remontar con un 5 a 4. La Grama que no se rend\u00eda y volvio a subir la intensidad logr\u00f3 el empate a 5.<\/p>\n\n\n\n<p>El partido ense\u00f1\u00f3 que no hay que bajar mucho la intensidad y que cualquier rival si est\u00e1 m\u00e1s intenso, puede ganar. Punto que sabe a poco por lo que se vio en el terreno de juego.<\/p>\n","protected":false},"excerpt":{"rendered":"<p>Europa 1 &#8211; Alev\u00ed \u201cA\u201d 4 El partit de l&#8217;Alev\u00ed \u00abA\u00bb va ser molt seri\u00f3s sense pilota, ocupant molt b\u00e9 els espais en el camp, arribant a les ajudes, cobertures, marcatges dins de l&#8217;\u00e0rea, etc. Als nostres els va costar una mica la pilota, ja que el rival pressionava b\u00e9, per\u00f2 la Grama tamb\u00e9 va [&hellip;]<\/p>\n","protected":false},"author":1,"featured_media":31230,"comment_status":"closed","ping_status":"closed","sticky":false,"template":"","format":"standard","meta":{"footnotes":""},"categories":[10,4],"tags":[],"class_list":["post-31226","post","type-post","status-publish","format-standard","has-post-thumbnail","hentry","category-alevins","category-base-inclusiu"],"_links":{"self":[{"href":"http:\/\/fegrama.cat\/web\/wp-json\/wp\/v2\/posts\/31226","targetHints":{"allow":["GET"]}}],"collection":[{"href":"http:\/\/fegrama.cat\/web\/wp-json\/wp\/v2\/posts"}],"about":[{"href":"http:\/\/fegrama.cat\/web\/wp-json\/wp\/v2\/types\/post"}],"author":[{"embeddable":true,"href":"http:\/\/fegrama.cat\/web\/wp-json\/wp\/v2\/users\/1"}],"replies":[{"embeddable":true,"href":"http:\/\/fegrama.cat\/web\/wp-json\/wp\/v2\/comments?post=31226"}],"version-history":[{"count":2,"href":"http:\/\/fegrama.cat\/web\/wp-json\/wp\/v2\/posts\/31226\/revisions"}],"predecessor-version":[{"id":31231,"href":"http:\/\/fegrama.cat\/web\/wp-json\/wp\/v2\/posts\/31226\/revisions\/31231"}],"wp:featuredmedia":[{"embeddable":true,"href":"http:\/\/fegrama.cat\/web\/wp-json\/wp\/v2\/media\/31230"}],"wp:attachment":[{"href":"http:\/\/fegrama.cat\/web\/wp-json\/wp\/v2\/media?parent=31226"}],"wp:term":[{"taxonomy":"category","embeddable":true,"href":"http:\/\/fegrama.cat\/web\/wp-json\/wp\/v2\/categories?post=31226"},{"taxonomy":"post_tag","embeddable":true,"href":"http:\/\/fegrama.cat\/web\/wp-json\/wp\/v2\/tags?post=31226"}],"curies":[{"name":"wp","href":"https:\/\/api.w.org\/{rel}","templated":true}]}}