{"id":31218,"date":"2022-10-17T21:58:27","date_gmt":"2022-10-17T20:58:27","guid":{"rendered":"http:\/\/fegrama.cat\/web\/?p=31218"},"modified":"2022-10-17T21:59:24","modified_gmt":"2022-10-17T20:59:24","slug":"31218-2","status":"publish","type":"post","link":"http:\/\/fegrama.cat\/web\/31218-2\/","title":{"rendered":"El Juvenil \u00abB\u00bb aconsegueix l&#8217;empat en un camp molt complicat"},"content":{"rendered":"\n<p><strong>Canyelles 1 &#8211; Juvenil \u00abB\u00bb 1<\/strong><\/p>\n\n\n\n<p>Els nois del Juvenil \u201cB\u201d van entrar b\u00e9 al partit, van sortir jugant des de darrere per\u00f2 amb falta de triangulacions en 2\/3. Els de Canyelles van ficar un gol en una pilota a\u00efllada que va fer que els de la&nbsp;Grama&nbsp;s&#8217;ensorressin moralment durant la primera part.<\/p>\n\n\n\n<p>En la segona part es va canviar completament la mentalitat i els nostres van aconseguir generar moltes accions. Malgrat no haver aconseguit els tres punts que s\u00ed que es mereixia l&#8217;equip, la&nbsp;Grama&nbsp;continua invicta i puntuen en un camp molt complicat.<\/p>\n\n\n\n<p>L&#8217;equip t\u00e8cnic diu: Moltes gr\u00e0cies com sempre a aquells que us heu dirigit, i m\u00e9s en un dia com el diumenge, amb \u201cEl Cl\u00e0ssic\u201d pel mig.<\/p>\n\n\n\n<p>Seguim!<\/p>\n\n\n\n<p><\/p>\n\n\n\n<hr class=\"wp-block-separator\"\/>\n\n\n\n<p><\/p>\n\n\n\n<p><strong>Canyelles 1 &#8211; Juvenil \u00abB\u00bb 1<\/strong><\/p>\n\n\n\n<p>Los chicos del Juvenil \u201cB\u201d entraron bien al partido, salieron jugando desde atr\u00e1s pero con falta de triangulaciones en 2\/3. Los de Canyelles metieron un gol en un bal\u00f3n aislado que hizo que los de la Grama se vinieran abajo moralmente durante la primera parte.<\/p>\n\n\n\n<p>En la segunda parte se cambi\u00f3 completamente la mentalidad y los nuestros consiguieron generar muchas acciones. A pesar de no haber conseguido los tres puntos que s\u00ed que se merec\u00eda el equipo, la Grama sigue invicta y punt\u00faan en un campo muy complicado.<\/p>\n\n\n\n<p>El equipo t\u00e9cnico dice: Muchas gracias como siempre a aquellos que os hab\u00e9is dirigido, y m\u00e1s en un d\u00eda como el domingo, con \u201cEl Cl\u00e1sico\u201d de por medio.<\/p>\n\n\n\n<p>\u00a1Seguimos!<\/p>\n","protected":false},"excerpt":{"rendered":"<p>Canyelles 1 &#8211; Juvenil \u00abB\u00bb 1 Els nois del Juvenil \u201cB\u201d van entrar b\u00e9 al partit, van sortir jugant des de darrere per\u00f2 amb falta de triangulacions en 2\/3. Els de Canyelles van ficar un gol en una pilota a\u00efllada que va fer que els de la&nbsp;Grama&nbsp;s&#8217;ensorressin moralment durant la primera part. En la segona [&hellip;]<\/p>\n","protected":false},"author":1,"featured_media":31219,"comment_status":"closed","ping_status":"closed","sticky":false,"template":"","format":"standard","meta":{"footnotes":""},"categories":[4,6],"tags":[],"class_list":["post-31218","post","type-post","status-publish","format-standard","has-post-thumbnail","hentry","category-base-inclusiu","category-juvenils"],"_links":{"self":[{"href":"http:\/\/fegrama.cat\/web\/wp-json\/wp\/v2\/posts\/31218","targetHints":{"allow":["GET"]}}],"collection":[{"href":"http:\/\/fegrama.cat\/web\/wp-json\/wp\/v2\/posts"}],"about":[{"href":"http:\/\/fegrama.cat\/web\/wp-json\/wp\/v2\/types\/post"}],"author":[{"embeddable":true,"href":"http:\/\/fegrama.cat\/web\/wp-json\/wp\/v2\/users\/1"}],"replies":[{"embeddable":true,"href":"http:\/\/fegrama.cat\/web\/wp-json\/wp\/v2\/comments?post=31218"}],"version-history":[{"count":3,"href":"http:\/\/fegrama.cat\/web\/wp-json\/wp\/v2\/posts\/31218\/revisions"}],"predecessor-version":[{"id":31222,"href":"http:\/\/fegrama.cat\/web\/wp-json\/wp\/v2\/posts\/31218\/revisions\/31222"}],"wp:featuredmedia":[{"embeddable":true,"href":"http:\/\/fegrama.cat\/web\/wp-json\/wp\/v2\/media\/31219"}],"wp:attachment":[{"href":"http:\/\/fegrama.cat\/web\/wp-json\/wp\/v2\/media?parent=31218"}],"wp:term":[{"taxonomy":"category","embeddable":true,"href":"http:\/\/fegrama.cat\/web\/wp-json\/wp\/v2\/categories?post=31218"},{"taxonomy":"post_tag","embeddable":true,"href":"http:\/\/fegrama.cat\/web\/wp-json\/wp\/v2\/tags?post=31218"}],"curies":[{"name":"wp","href":"https:\/\/api.w.org\/{rel}","templated":true}]}}