{"id":31200,"date":"2022-10-16T20:13:16","date_gmt":"2022-10-16T19:13:16","guid":{"rendered":"http:\/\/fegrama.cat\/web\/?p=31200"},"modified":"2022-10-16T20:13:16","modified_gmt":"2022-10-16T19:13:16","slug":"un-cap-de-setmana-mes-on-les-nostres-femenines-regnen-al-camp","status":"publish","type":"post","link":"http:\/\/fegrama.cat\/web\/un-cap-de-setmana-mes-on-les-nostres-femenines-regnen-al-camp\/","title":{"rendered":"Un cap de setmana m\u00e9s on les nostres femenines \u201cregnen al camp\u201d!"},"content":{"rendered":"\n<p>Aquest cap de setmana les noies del Juvenil \u00abA\u00bb ho van tornar \u00aba petar\u00bb fora de casa amb un partit contra el Gornal on va costar una mica de trobar espai al principi, per\u00f2 amb una progressi\u00f3 bestial al llarg que anaven passant els minuts que donen el resultat final de 0 a 7.<\/p>\n\n\n\n<p>D&#8217;altra banda, el Juvenil \u00abB\u00bb de les noies, va dominar el partit tota la primera part i va fallar algunes ocasions en la segona part. Aix\u00ed i tot, van millorar el joc i l&#8217;efectivitat obtenint el resultat final de 0 a 6 contra l&#8217;Atl\u00a0Masnou.<br>Felicitats noies! A continuar lluitant!<\/p>\n\n\n\n<p><\/p>\n\n\n\n<figure class=\"wp-block-image size-large\"><img loading=\"lazy\" decoding=\"async\" width=\"768\" height=\"1024\" src=\"http:\/\/fegrama.cat\/web\/wp-content\/uploads\/2022\/10\/juv_A-1-768x1024.jpeg\" alt=\"\" class=\"wp-image-31202\" srcset=\"http:\/\/fegrama.cat\/web\/wp-content\/uploads\/2022\/10\/juv_A-1-768x1024.jpeg 768w, http:\/\/fegrama.cat\/web\/wp-content\/uploads\/2022\/10\/juv_A-1-225x300.jpeg 225w, http:\/\/fegrama.cat\/web\/wp-content\/uploads\/2022\/10\/juv_A-1-1152x1536.jpeg 1152w, http:\/\/fegrama.cat\/web\/wp-content\/uploads\/2022\/10\/juv_A-1.jpeg 1500w\" sizes=\"auto, (max-width: 768px) 100vw, 768px\" \/><figcaption>Imatge amb les noies del Juvenil \u00abA\u00bb<\/figcaption><\/figure>\n\n\n\n<hr class=\"wp-block-separator\"\/>\n\n\n\n<p><\/p>\n\n\n\n<p>Este fin de semana las chicas del Juvenil \u00abA\u00bb lo volvieron \u00aba petar\u00bb fuera de casa con un partido contra el\u00a0Gornal\u00a0donde al principio, cost\u00f3 un poco encontrar el espacio, pero con una progresi\u00f3n bestial conforme iban pasando los minutos que dieron el resultado final de 0 a 7.<\/p>\n\n\n\n<p>Por otro lado, el Juvenil \u00abB\u00bb de las chicas, domin\u00f3 el partido toda la primera parte y fall\u00f3 algunas ocasiones en la segunda. Aun as\u00ed, mejoraron el juego y la efectividad obteniendo el resultado final de 0 a 6 contra el\u00a0Atl.\u00a0Masnou.<br>\u00a1Felicidades chicas! \u00a1A continuar luchando as\u00ed!<\/p>\n\n\n\n<p><\/p>\n\n\n\n<figure class=\"wp-block-image size-large\"><img loading=\"lazy\" decoding=\"async\" width=\"1024\" height=\"768\" src=\"http:\/\/fegrama.cat\/web\/wp-content\/uploads\/2022\/10\/juvenil_b_fem-1024x768.jpeg\" alt=\"\" class=\"wp-image-31203\" srcset=\"http:\/\/fegrama.cat\/web\/wp-content\/uploads\/2022\/10\/juvenil_b_fem-1024x768.jpeg 1024w, http:\/\/fegrama.cat\/web\/wp-content\/uploads\/2022\/10\/juvenil_b_fem-300x225.jpeg 300w, http:\/\/fegrama.cat\/web\/wp-content\/uploads\/2022\/10\/juvenil_b_fem-768x576.jpeg 768w, http:\/\/fegrama.cat\/web\/wp-content\/uploads\/2022\/10\/juvenil_b_fem-1536x1152.jpeg 1536w, http:\/\/fegrama.cat\/web\/wp-content\/uploads\/2022\/10\/juvenil_b_fem.jpeg 1600w\" sizes=\"auto, (max-width: 1024px) 100vw, 1024px\" \/><figcaption>Imatge amb les noies del Juvenil \u00abB\u00bb<\/figcaption><\/figure>\n","protected":false},"excerpt":{"rendered":"<p>Aquest cap de setmana les noies del Juvenil \u00abA\u00bb ho van tornar \u00aba petar\u00bb fora de casa amb un partit contra el Gornal on va costar una mica de trobar espai al principi, per\u00f2 amb una progressi\u00f3 bestial al llarg que anaven passant els minuts que donen el resultat final de 0 a 7. D&#8217;altra [&hellip;]<\/p>\n","protected":false},"author":1,"featured_media":31201,"comment_status":"closed","ping_status":"closed","sticky":false,"template":"","format":"standard","meta":{"footnotes":""},"categories":[13],"tags":[],"class_list":["post-31200","post","type-post","status-publish","format-standard","has-post-thumbnail","hentry","category-femeni"],"_links":{"self":[{"href":"http:\/\/fegrama.cat\/web\/wp-json\/wp\/v2\/posts\/31200","targetHints":{"allow":["GET"]}}],"collection":[{"href":"http:\/\/fegrama.cat\/web\/wp-json\/wp\/v2\/posts"}],"about":[{"href":"http:\/\/fegrama.cat\/web\/wp-json\/wp\/v2\/types\/post"}],"author":[{"embeddable":true,"href":"http:\/\/fegrama.cat\/web\/wp-json\/wp\/v2\/users\/1"}],"replies":[{"embeddable":true,"href":"http:\/\/fegrama.cat\/web\/wp-json\/wp\/v2\/comments?post=31200"}],"version-history":[{"count":1,"href":"http:\/\/fegrama.cat\/web\/wp-json\/wp\/v2\/posts\/31200\/revisions"}],"predecessor-version":[{"id":31204,"href":"http:\/\/fegrama.cat\/web\/wp-json\/wp\/v2\/posts\/31200\/revisions\/31204"}],"wp:featuredmedia":[{"embeddable":true,"href":"http:\/\/fegrama.cat\/web\/wp-json\/wp\/v2\/media\/31201"}],"wp:attachment":[{"href":"http:\/\/fegrama.cat\/web\/wp-json\/wp\/v2\/media?parent=31200"}],"wp:term":[{"taxonomy":"category","embeddable":true,"href":"http:\/\/fegrama.cat\/web\/wp-json\/wp\/v2\/categories?post=31200"},{"taxonomy":"post_tag","embeddable":true,"href":"http:\/\/fegrama.cat\/web\/wp-json\/wp\/v2\/tags?post=31200"}],"curies":[{"name":"wp","href":"https:\/\/api.w.org\/{rel}","templated":true}]}}