{"id":31195,"date":"2022-10-10T22:04:25","date_gmt":"2022-10-10T21:04:25","guid":{"rendered":"http:\/\/fegrama.cat\/web\/?p=31195"},"modified":"2022-10-10T22:05:06","modified_gmt":"2022-10-10T21:05:06","slug":"un-espectable-el-dels-nostres-petits","status":"publish","type":"post","link":"http:\/\/fegrama.cat\/web\/un-espectable-el-dels-nostres-petits\/","title":{"rendered":"Un espectacle el dels nostres petits"},"content":{"rendered":"\n<p><strong>AF 15-0 Pere gol<\/strong><\/p>\n\n\n\n<p>\u200b\u200bEls de l&#8217;Alev\u00ed \u201cF\u201d van guanyar per golejada als del Pere Gol, 15 gols els que els nostres petits van ser capa\u00e7os de ficar, feli\u00e7os i llestos per a continuar aprenent valors en el camp. Cada dia m\u00e9s i millor.<\/p>\n\n\n\n<p>A pel seg\u00fcent finde!<\/p>\n\n\n\n<p><\/p>\n\n\n\n<figure class=\"wp-block-image size-large\"><img loading=\"lazy\" decoding=\"async\" width=\"768\" height=\"1024\" src=\"http:\/\/fegrama.cat\/web\/wp-content\/uploads\/2022\/10\/WhatsApp-Image-2022-10-09-at-9.09.15-PM-768x1024.jpeg\" alt=\"\" class=\"wp-image-31196\" srcset=\"http:\/\/fegrama.cat\/web\/wp-content\/uploads\/2022\/10\/WhatsApp-Image-2022-10-09-at-9.09.15-PM-768x1024.jpeg 768w, http:\/\/fegrama.cat\/web\/wp-content\/uploads\/2022\/10\/WhatsApp-Image-2022-10-09-at-9.09.15-PM-225x300.jpeg 225w, http:\/\/fegrama.cat\/web\/wp-content\/uploads\/2022\/10\/WhatsApp-Image-2022-10-09-at-9.09.15-PM-1152x1536.jpeg 1152w, http:\/\/fegrama.cat\/web\/wp-content\/uploads\/2022\/10\/WhatsApp-Image-2022-10-09-at-9.09.15-PM.jpeg 1536w\" sizes=\"auto, (max-width: 768px) 100vw, 768px\" \/><\/figure>\n\n\n\n<hr class=\"wp-block-separator\"\/>\n\n\n\n<p><\/p>\n\n\n\n<p><strong>AF 15-0 Pere gol<\/strong><\/p>\n\n\n\n<p>Los del Alev\u00edn \u201cF\u201d ganaron por goleada a los del Pere Gol, 15 goles los que nuestros peque\u00f1os fueron capaces de meter, felices y listos para seguir aprendiendo valores en el campo. Cada d\u00eda m\u00e1s y mejor.<\/p>\n\n\n\n<p>\u00a1A por el siguiente finde!<\/p>\n","protected":false},"excerpt":{"rendered":"<p>AF 15-0 Pere gol \u200b\u200bEls de l&#8217;Alev\u00ed \u201cF\u201d van guanyar per golejada als del Pere Gol, 15 gols els que els nostres petits van ser capa\u00e7os de ficar, feli\u00e7os i llestos per a continuar aprenent valors en el camp. Cada dia m\u00e9s i millor. A pel seg\u00fcent finde! AF 15-0 Pere gol Los del Alev\u00edn [&hellip;]<\/p>\n","protected":false},"author":1,"featured_media":31196,"comment_status":"closed","ping_status":"closed","sticky":false,"template":"","format":"standard","meta":{"footnotes":""},"categories":[10,4],"tags":[],"class_list":["post-31195","post","type-post","status-publish","format-standard","has-post-thumbnail","hentry","category-alevins","category-base-inclusiu"],"_links":{"self":[{"href":"http:\/\/fegrama.cat\/web\/wp-json\/wp\/v2\/posts\/31195","targetHints":{"allow":["GET"]}}],"collection":[{"href":"http:\/\/fegrama.cat\/web\/wp-json\/wp\/v2\/posts"}],"about":[{"href":"http:\/\/fegrama.cat\/web\/wp-json\/wp\/v2\/types\/post"}],"author":[{"embeddable":true,"href":"http:\/\/fegrama.cat\/web\/wp-json\/wp\/v2\/users\/1"}],"replies":[{"embeddable":true,"href":"http:\/\/fegrama.cat\/web\/wp-json\/wp\/v2\/comments?post=31195"}],"version-history":[{"count":2,"href":"http:\/\/fegrama.cat\/web\/wp-json\/wp\/v2\/posts\/31195\/revisions"}],"predecessor-version":[{"id":31198,"href":"http:\/\/fegrama.cat\/web\/wp-json\/wp\/v2\/posts\/31195\/revisions\/31198"}],"wp:featuredmedia":[{"embeddable":true,"href":"http:\/\/fegrama.cat\/web\/wp-json\/wp\/v2\/media\/31196"}],"wp:attachment":[{"href":"http:\/\/fegrama.cat\/web\/wp-json\/wp\/v2\/media?parent=31195"}],"wp:term":[{"taxonomy":"category","embeddable":true,"href":"http:\/\/fegrama.cat\/web\/wp-json\/wp\/v2\/categories?post=31195"},{"taxonomy":"post_tag","embeddable":true,"href":"http:\/\/fegrama.cat\/web\/wp-json\/wp\/v2\/tags?post=31195"}],"curies":[{"name":"wp","href":"https:\/\/api.w.org\/{rel}","templated":true}]}}